{"id":1181,"date":"2015-09-05T12:40:45","date_gmt":"2015-09-05T15:40:45","guid":{"rendered":"http:\/\/ultimato.com.br\/sites\/gladircabral\/?p=1181"},"modified":"2015-09-05T12:40:45","modified_gmt":"2015-09-05T15:40:45","slug":"imagina","status":"publish","type":"post","link":"https:\/\/ultimato.com.br\/sites\/gladircabral\/2015\/09\/05\/imagina\/","title":{"rendered":"Imagina!"},"content":{"rendered":"<div id=\"attachment_1182\" style=\"width: 957px\" class=\"wp-caption alignright\"><a href=\"http:\/\/ultimato.com.br\/sites\/gladircabral\/files\/2015\/09\/portinari-grupo.jpg\"><img loading=\"lazy\" decoding=\"async\" aria-describedby=\"caption-attachment-1182\" class=\"wp-image-1182\" src=\"http:\/\/ultimato.com.br\/sites\/gladircabral\/files\/2015\/09\/portinari-grupo-1024x620.jpg\" alt=\"portinari - grupo\" width=\"947\" height=\"573\" srcset=\"https:\/\/ultimato.com.br\/sites\/gladircabral\/files\/2015\/09\/portinari-grupo-1024x620.jpg 1024w, https:\/\/ultimato.com.br\/sites\/gladircabral\/files\/2015\/09\/portinari-grupo-300x182.jpg 300w, https:\/\/ultimato.com.br\/sites\/gladircabral\/files\/2015\/09\/portinari-grupo-150x91.jpg 150w, https:\/\/ultimato.com.br\/sites\/gladircabral\/files\/2015\/09\/portinari-grupo.jpg 2000w\" sizes=\"auto, (max-width: 947px) 100vw, 947px\" \/><\/a><p id=\"caption-attachment-1182\" class=\"wp-caption-text\">Portinari &#8211; &#8220;Grupo&#8221; (1958)<\/p><\/div>\n<p><strong>Imagina!<\/strong><\/p>\n<p>&nbsp;<\/p>\n<p>Se \u00e9 pura verdade o que diz Benedict Anderson sobre o car\u00e1ter imagin\u00e1rio de nossa identidade nacional e se Darcy Ribeiro acertou quando disse que \u201ca coisa mais importante para o brasileiro era inventar o Brasil\u201d, ent\u00e3o quero imaginar um pa\u00eds e colaborar para a sua inven\u00e7\u00e3o. Trata-se de um exerc\u00edcio de imagina\u00e7\u00e3o coletiva, um trabalho participativo e di\u00e1rio de constru\u00e7\u00e3o e reconstru\u00e7\u00e3o.<\/p>\n<p>Neste pa\u00eds como possibilidade a se concretizar, ser\u00e1 poss\u00edvel ouvir de novo, e sempre, a voz do velho Lua a cantar aboios e a sorrir sanfonas celebrando o fim da seca no sert\u00e3o, a volta do retirante e da asa branca com saudade da beleza e da alegria que s\u00f3 a chuva traz. Neste pa\u00eds imagin\u00e1rio, a can\u00e7\u00e3o de Ant\u00f4nio Brasileiro ser\u00e1 a trilha sonora que chamar\u00e1 os p\u00e1ssaros de volta para as florestas que, finalmente, foram preservadas e reconhecidas como santu\u00e1rio de nossa vida natural.<\/p>\n<p>Nas ruas de Brodowski se ouvir\u00e1 o som do autofalante chamando o povo para assistir ao grande espet\u00e1culo do novo circo que acabou de chegar. E as crian\u00e7as sair\u00e3o correndo para ver os palha\u00e7os e trapezistas. E Portinari, entre elas, encher\u00e1 de azul uma pa\u00eds feito de trabalho e brinquedo, balan\u00e7o, gangorra, viol\u00f5es, frevos, sambas, vaqueiros, garimpeiros e jangadeiros do Nordeste e trabalhadores nas planta\u00e7\u00f5es de caf\u00e9.<\/p>\n<p>Os tra\u00e7os suaves e flutuantes de Oscar Niemeyer nos ajudar\u00e3o a reconstruir cidades agora transformadas em ru\u00edna pelo risco implac\u00e1vel da injusti\u00e7a, pelo rabisco apressado da ambi\u00e7\u00e3o e da mentira. E imaginaremos Bras\u00edlia em que a p\u00e9rola ser\u00e1 o entorno, a periferia, em que a beleza ser\u00e1 sat\u00e9lite da arquitetura justa e sens\u00edvel de uma na\u00e7\u00e3o reinventada.<\/p>\n<p>E para garantir que n\u00e3o haver\u00e1 falta de imagina\u00e7\u00e3o e literatura neste Brasil que certamente construiremos, ser\u00e1 reservado um espa\u00e7o privilegiado no coreto da pra\u00e7a para que M\u00e1rio de Andrade leia, em tom apaixonado, o manifesto antropof\u00e1gico que um dia ouviu da boca do seu amigo Oswald. E em sua voz soar\u00e3o as vozes de tantos povos ind\u00edgenas h\u00e1 tanto tempo silenciados, e se ouvir\u00e3o caiporas e sacis e macuna\u00edmas todos a procurar a pedra de muiraquit\u00e3, aquilo que um dia sab\u00edamos ser e que afinal perdemos de vista.<\/p>\n<p>Neste pa\u00eds, Guimar\u00e3es Rosa nos mostrar\u00e1 o que \u00e9 sert\u00e3o e quantas veredas o atravessam, e quantos enredos se desenrolam nos fios da sua narrativa, da palavra que se debate diante do inef\u00e1vel, da narrativa que desemboca no sil\u00eancio dos caminhos e dos rios, do cora\u00e7\u00e3o humano que se pega a cismar com o infinito. E Rosa dir\u00e1 que, assim como Minas Gerais, o Brasil s\u00e3o muitos.<\/p>\n<p>Sim, s\u00e3o muitos os brasis que temos sonhado coletivamente, algumas imagens perturbadoras nos falam de desmatamentos, chacinas, desigualdades tantas, corrup\u00e7\u00e3o e desmando, quadros que revelam nosso v\u00edcio do \u201cjeitinho\u201d, nossa cultura do favor, nosso endividamento moral, nossa mis\u00e9ria, enfim. \u00c9 como se v\u00e1rias m\u00fasicas fossem tocadas ao mesmo tempo pela mesma orquestra confusa e desafinada. \u00c9 como se v\u00e1rias sinfonias se iniciassem ao mesmo tempo, e o maestro, desconcertado, pusesse a m\u00e3o nos cabelos e perguntasse: \u201cQue faremos deste pa\u00eds?\u201d<\/p>\n<p>Vivemos agora este momento em que paramos todos para pensar que m\u00fasica tocaremos, que obra imaginaremos juntos. Ladr\u00f5es n\u00e3o fazem um pa\u00eds. Assassinos n\u00e3o t\u00eam p\u00e1tria nem compatriotas. Mercen\u00e1rios n\u00e3o est\u00e3o em busca do que somos, mas do que temos a fim de vend\u00ea-lo ao que n\u00e3o somos e, fazendo assim, roubar a pedra preciosa de nossa identidade. Este \u00e9 o momento de encarar nossa estranha contradi\u00e7\u00e3o e de celebrar, com humildade e esperan\u00e7a, a possibilidade da reconstru\u00e7\u00e3o de um pa\u00eds pelo uso de nossa imagina\u00e7\u00e3o democr\u00e1tica.<\/p>\n<p>&nbsp;<\/p>\n<p>Gladir Cabral<\/p>\n<p>&nbsp;<\/p>\n<p>Confira:<\/p>\n<p>&nbsp;<\/p>\n<p>Site com a obra de Portinari:\u00a0<a href=\"http:\/\/www.portinari.org.br\/\" target=\"_blank\">http:\/\/www.portinari.org.br\/<\/a><\/p>\n<p>&nbsp;<\/p>\n<p>Filme &#8220;As Sanfonas do Lua&#8221;: <a href=\"https:\/\/www.youtube.com\/watch?v=54UpU1tsdn0\" target=\"_blank\">https:\/\/www.youtube.com\/watch?v=54UpU1tsdn0<\/a><\/p>\n<p>&nbsp;<\/p>\n<p>Document\u00e1rio &#8220;O Povo Brasileiro&#8221;: <a href=\"https:\/\/www.youtube.com\/watch?v=eqlcHGj4f7k\" target=\"_blank\">https:\/\/www.youtube.com\/watch?v=eqlcHGj4f7k<\/a><\/p>\n<p>&nbsp;<\/p>\n<p>&nbsp;<\/p>\n","protected":false},"excerpt":{"rendered":"<p>Imagina! &nbsp; Se \u00e9 pura verdade o que diz Benedict Anderson sobre o car\u00e1ter imagin\u00e1rio de nossa identidade nacional e se Darcy Ribeiro acertou quando disse que \u201ca coisa mais importante para o brasileiro era inventar o Brasil\u201d, ent\u00e3o quero imaginar um pa\u00eds e colaborar para a sua inven\u00e7\u00e3o. Trata-se de um exerc\u00edcio de imagina\u00e7\u00e3o [&hellip;]<\/p>\n","protected":false},"author":35,"featured_media":0,"comment_status":"open","ping_status":"open","sticky":false,"template":"","format":"standard","meta":{"ngg_post_thumbnail":0,"footnotes":""},"categories":[114],"tags":[],"class_list":["post-1181","post","type-post","status-publish","format-standard","hentry","category-artigos"],"_links":{"self":[{"href":"https:\/\/ultimato.com.br\/sites\/gladircabral\/wp-json\/wp\/v2\/posts\/1181","targetHints":{"allow":["GET"]}}],"collection":[{"href":"https:\/\/ultimato.com.br\/sites\/gladircabral\/wp-json\/wp\/v2\/posts"}],"about":[{"href":"https:\/\/ultimato.com.br\/sites\/gladircabral\/wp-json\/wp\/v2\/types\/post"}],"author":[{"embeddable":true,"href":"https:\/\/ultimato.com.br\/sites\/gladircabral\/wp-json\/wp\/v2\/users\/35"}],"replies":[{"embeddable":true,"href":"https:\/\/ultimato.com.br\/sites\/gladircabral\/wp-json\/wp\/v2\/comments?post=1181"}],"version-history":[{"count":4,"href":"https:\/\/ultimato.com.br\/sites\/gladircabral\/wp-json\/wp\/v2\/posts\/1181\/revisions"}],"predecessor-version":[{"id":1186,"href":"https:\/\/ultimato.com.br\/sites\/gladircabral\/wp-json\/wp\/v2\/posts\/1181\/revisions\/1186"}],"wp:attachment":[{"href":"https:\/\/ultimato.com.br\/sites\/gladircabral\/wp-json\/wp\/v2\/media?parent=1181"}],"wp:term":[{"taxonomy":"category","embeddable":true,"href":"https:\/\/ultimato.com.br\/sites\/gladircabral\/wp-json\/wp\/v2\/categories?post=1181"},{"taxonomy":"post_tag","embeddable":true,"href":"https:\/\/ultimato.com.br\/sites\/gladircabral\/wp-json\/wp\/v2\/tags?post=1181"}],"curies":[{"name":"wp","href":"https:\/\/api.w.org\/{rel}","templated":true}]}}