{"id":1055,"date":"2014-06-29T00:00:31","date_gmt":"2014-06-29T03:00:31","guid":{"rendered":"http:\/\/ultimato.com.br\/sites\/gladircabral\/?p=1055"},"modified":"2014-06-29T00:01:09","modified_gmt":"2014-06-29T03:01:09","slug":"jerusalem","status":"publish","type":"post","link":"https:\/\/ultimato.com.br\/sites\/gladircabral\/2014\/06\/29\/jerusalem\/","title":{"rendered":"Jerusal\u00e9m"},"content":{"rendered":"<p><a href=\"http:\/\/ultimato.com.br\/sites\/gladircabral\/files\/2014\/06\/old_ruins_of_jerusalem_western_wall-other.jpg\"><img loading=\"lazy\" decoding=\"async\" class=\"alignleft size-medium wp-image-1056\" alt=\"old_ruins_of_jerusalem_western_wall-other\" src=\"http:\/\/ultimato.com.br\/sites\/gladircabral\/files\/2014\/06\/old_ruins_of_jerusalem_western_wall-other-300x199.jpg\" width=\"300\" height=\"199\" srcset=\"https:\/\/ultimato.com.br\/sites\/gladircabral\/files\/2014\/06\/old_ruins_of_jerusalem_western_wall-other-300x199.jpg 300w, https:\/\/ultimato.com.br\/sites\/gladircabral\/files\/2014\/06\/old_ruins_of_jerusalem_western_wall-other-1024x681.jpg 1024w, https:\/\/ultimato.com.br\/sites\/gladircabral\/files\/2014\/06\/old_ruins_of_jerusalem_western_wall-other-150x99.jpg 150w, https:\/\/ultimato.com.br\/sites\/gladircabral\/files\/2014\/06\/old_ruins_of_jerusalem_western_wall-other.jpg 1936w\" sizes=\"auto, (max-width: 300px) 100vw, 300px\" \/><\/a>Esta \u00e9 uma das can\u00e7\u00f5es que escrevi pensando em Jerusal\u00e9m, a cidade amada. Nela se cruzam os caminhos de v\u00e1rios povos. O nome sugere que ali se estabeleceria o fundamento paz, no entanto a hist\u00f3ria d\u00e1 conta de uma s\u00e9rie de desencontros, de conflitos de alegria e lamento misturados na mesma l\u00e1grima. Ali, o Senhor Jesus derrubou o muro da inimizade e estabeleceu profunda paz entre n\u00f3s e o Eterno, e entre n\u00f3s e os outros, entre n\u00f3s e n\u00f3s mesmos.<\/p>\n<p>&nbsp;<\/p>\n<blockquote><p>&#8220;Jerusal\u00e9m&#8221;<br \/>\n(Gladir Cabral)<br \/>\nAs pedras sobre as pedras,<\/p>\n<p>Uma prece que ressoa<\/p>\n<p>Os passos nas cal\u00e7adas<\/p>\n<p>Inundadas de pessoas<\/p>\n<p>Os risos e as l\u00e1grimas<\/p>\n<p>Brilhando ao sol poente<\/p>\n<p>A rua iluminada<\/p>\n<p>Pela estrada do oriente<\/p>\n<p>&nbsp;<\/p>\n<p>Jerusal\u00e9m, Jerusal\u00e9m,<\/p>\n<p>Os teus jardins e oliveiras<\/p>\n<p>Fazem bem<\/p>\n<p>Os teus port\u00f5es abra\u00e7am<\/p>\n<p>Todo o ser que vem te ver<\/p>\n<p>E amar assim, Jerusal\u00e9m<\/p>\n<p>&nbsp;<\/p>\n<p>No espa\u00e7o do sagrado<\/p>\n<p>Se ouve a prece do segredo<\/p>\n<p>H\u00e1 cora\u00e7\u00f5es sangrados<\/p>\n<p>De incont\u00e1veis desenredos<\/p>\n<p>Mas h\u00e1 tamb\u00e9m as rimas<\/p>\n<p>Soltas pelos quatro cantos<\/p>\n<p>Can\u00e7\u00f5es de liberdade<\/p>\n<p>Alegria e acalanto<\/p><\/blockquote>\n<p>&nbsp;<\/p>\n<p>Jerusal\u00e9m&#8230;<\/p>\n<p>&nbsp;<\/p>\n<p><iframe loading=\"lazy\" width=\"750\" height=\"563\" src=\"https:\/\/www.youtube.com\/embed\/yF7fafc97Zg?feature=oembed\" frameborder=\"0\" allowfullscreen><\/iframe><\/p>\n","protected":false},"excerpt":{"rendered":"<p>Esta \u00e9 uma das can\u00e7\u00f5es que escrevi pensando em Jerusal\u00e9m, a cidade amada. Nela se cruzam os caminhos de v\u00e1rios povos. O nome sugere que ali se estabeleceria o fundamento paz, no entanto a hist\u00f3ria d\u00e1 conta de uma s\u00e9rie de desencontros, de conflitos de alegria e lamento misturados na mesma l\u00e1grima. Ali, o Senhor [&hellip;]<\/p>\n","protected":false},"author":35,"featured_media":0,"comment_status":"open","ping_status":"open","sticky":false,"template":"","format":"standard","meta":{"ngg_post_thumbnail":0,"footnotes":""},"categories":[12738],"tags":[],"class_list":["post-1055","post","type-post","status-publish","format-standard","hentry","category-cancoes"],"_links":{"self":[{"href":"https:\/\/ultimato.com.br\/sites\/gladircabral\/wp-json\/wp\/v2\/posts\/1055","targetHints":{"allow":["GET"]}}],"collection":[{"href":"https:\/\/ultimato.com.br\/sites\/gladircabral\/wp-json\/wp\/v2\/posts"}],"about":[{"href":"https:\/\/ultimato.com.br\/sites\/gladircabral\/wp-json\/wp\/v2\/types\/post"}],"author":[{"embeddable":true,"href":"https:\/\/ultimato.com.br\/sites\/gladircabral\/wp-json\/wp\/v2\/users\/35"}],"replies":[{"embeddable":true,"href":"https:\/\/ultimato.com.br\/sites\/gladircabral\/wp-json\/wp\/v2\/comments?post=1055"}],"version-history":[{"count":2,"href":"https:\/\/ultimato.com.br\/sites\/gladircabral\/wp-json\/wp\/v2\/posts\/1055\/revisions"}],"predecessor-version":[{"id":1058,"href":"https:\/\/ultimato.com.br\/sites\/gladircabral\/wp-json\/wp\/v2\/posts\/1055\/revisions\/1058"}],"wp:attachment":[{"href":"https:\/\/ultimato.com.br\/sites\/gladircabral\/wp-json\/wp\/v2\/media?parent=1055"}],"wp:term":[{"taxonomy":"category","embeddable":true,"href":"https:\/\/ultimato.com.br\/sites\/gladircabral\/wp-json\/wp\/v2\/categories?post=1055"},{"taxonomy":"post_tag","embeddable":true,"href":"https:\/\/ultimato.com.br\/sites\/gladircabral\/wp-json\/wp\/v2\/tags?post=1055"}],"curies":[{"name":"wp","href":"https:\/\/api.w.org\/{rel}","templated":true}]}}