{"id":1048,"date":"2014-06-21T23:32:37","date_gmt":"2014-06-22T02:32:37","guid":{"rendered":"http:\/\/ultimato.com.br\/sites\/gladircabral\/?p=1048"},"modified":"2014-06-21T23:41:21","modified_gmt":"2014-06-22T02:41:21","slug":"ver-o-mundo-atraves-das-maos","status":"publish","type":"post","link":"https:\/\/ultimato.com.br\/sites\/gladircabral\/2014\/06\/21\/ver-o-mundo-atraves-das-maos\/","title":{"rendered":"Ver o mundo atrav\u00e9s das m\u00e3os"},"content":{"rendered":"<p><a href=\"http:\/\/ultimato.com.br\/sites\/gladircabral\/files\/2014\/06\/hands1.gif\"><img loading=\"lazy\" decoding=\"async\" class=\"alignleft size-medium wp-image-1050\" alt=\"hands1\" src=\"http:\/\/ultimato.com.br\/sites\/gladircabral\/files\/2014\/06\/hands1-300x225.gif\" width=\"300\" height=\"225\" srcset=\"https:\/\/ultimato.com.br\/sites\/gladircabral\/files\/2014\/06\/hands1-300x225.gif 300w, https:\/\/ultimato.com.br\/sites\/gladircabral\/files\/2014\/06\/hands1-150x112.gif 150w\" sizes=\"auto, (max-width: 300px) 100vw, 300px\" \/><\/a>Nos \u00faltimos anos, tem crescido nos meios acad\u00eamicos o interesse pelo estudo das autobiografias, pelas narrativas de si. Talvez por conta da crise identit\u00e1ria criada pela conjuntura da globaliza\u00e7\u00e3o e pelas profundas mudan\u00e7as culturais inauguradas nos dias de hoje, percebe-se o surgimento de um crescente interesse pelos discursos do eu e pelos exerc\u00edcios da mem\u00f3ria.<\/p>\n<p>Nesse contexto, a autobiografia de Helen Keller, intitulada <b>A Hist\u00f3ria da Minha Vida<\/b> e publicada pela primeira vem em 1903, ganha renovado interesse por tratar-se do relato de uma jovem cega e surda em seu processo de nascimento no mundo da linguagem, sua paulatina e dif\u00edcil inser\u00e7\u00e3o social e a constru\u00e7\u00e3o de sua subjetividade, a descoberta de uma voz pr\u00f3pria (experi\u00eancia que se d\u00e1 inclusive literalmente).<\/p>\n<p>Helen Keller perdeu a vis\u00e3o e a audi\u00e7\u00e3o quando tinha apenas 18 meses de vida, v\u00edtima de uma grave enfermidade, possivelmente febre escarlatina ou meningite, quando ainda n\u00e3o tinha pleno acesso e flu\u00eancia ao mundo da linguagem. Em completo isolamento e escurid\u00e3o e sufocada pela falta de compreens\u00e3o do mundo e de si, Helen mergulhava numa revolta incontrol\u00e1vel. Fechada em seu mundo desabitado pela palavra e pela voz das pessoas, ela debatia-se num nevoeiro sem forma, sem come\u00e7o nem fim, como ela mesma descreve. \u201cGradualmente acostumei-me ao sil\u00eancio e \u00e0 escurid\u00e3o que me rodeavam e esqueci que algum dia fora diferente, at\u00e9 que ela chegou \u2013 minha professora, a que iria libertar meu esp\u00edrito\u201d (p. 7).<\/p>\n<p>De fato, com a chegada de Anne Sullivan, a vida de Helen experimentou completa mudan\u00e7a. Ao lado de sua professora, Helen foi aprendendo o alfabeto manual, isto \u00e9, palavras que eram soletradas em suas m\u00e3os. A narrativa testifica o poder da educa\u00e7\u00e3o e sua import\u00e2ncia para a constru\u00e7\u00e3o do ser. Ali, no quintal, em casa, no campo, pouco a pouco a palavra e o mundo ganham forma na palma da m\u00e3o de Helen Keller.<\/p>\n<p>A narrativa tamb\u00e9m relata a experi\u00eancia da menina com a leitura. Os livros foram-se tornando referenciais important\u00edssimos na compreens\u00e3o do mundo. Mais que isso, os livros tornaram-se grandes amigos de Helen, mapeando sua imagina\u00e7\u00e3o, enriquecendo seu vocabul\u00e1rio, mediando sua rela\u00e7\u00e3o com a realidade, aumentando sua percep\u00e7\u00e3o do ambiente e trazendo consci\u00eancia social e hist\u00f3rica. <b>A hist\u00f3ria de minha vida<\/b> vai dando conta dessa forma\u00e7\u00e3o do leitor na experi\u00eancia pessoal de Helen. \u201cN\u00e3o me recordo de um tempo, desde que amo os livros, em que n\u00e3o tenha amado Shakespeare\u201d (p. 108). Helen leu de tudo e com intensa avidez: poesia, hist\u00f3ria, os cl\u00e1ssicos gregos, romanos, a literatura inglesa, norte-americana, as Escrituras. \u201cNuma palavra, a literatura \u00e9 minha Utopia. Ali, n\u00e3o sou deficiente. Nenhuma barreira dos sentidos me exclui do discurso doce e gracioso de meus amigos livros\u201d (p. 112).<\/p>\n<p>Por meio da linguagem dos sinais, Helen Keller nasce socialmente e espiritualmente. Surpreendendo a todos ao redor, passa a ver o mundo atrav\u00e9s das m\u00e3os.<\/p>\n<p align=\"right\">Gladir Cabral<\/p>\n","protected":false},"excerpt":{"rendered":"<p>Nos \u00faltimos anos, tem crescido nos meios acad\u00eamicos o interesse pelo estudo das autobiografias, pelas narrativas de si. Talvez por conta da crise identit\u00e1ria criada pela conjuntura da globaliza\u00e7\u00e3o e pelas profundas mudan\u00e7as culturais inauguradas nos dias de hoje, percebe-se o surgimento de um crescente interesse pelos discursos do eu e pelos exerc\u00edcios da mem\u00f3ria. [&hellip;]<\/p>\n","protected":false},"author":35,"featured_media":0,"comment_status":"open","ping_status":"open","sticky":false,"template":"","format":"standard","meta":{"ngg_post_thumbnail":0,"footnotes":""},"categories":[114],"tags":[],"class_list":["post-1048","post","type-post","status-publish","format-standard","hentry","category-artigos"],"_links":{"self":[{"href":"https:\/\/ultimato.com.br\/sites\/gladircabral\/wp-json\/wp\/v2\/posts\/1048","targetHints":{"allow":["GET"]}}],"collection":[{"href":"https:\/\/ultimato.com.br\/sites\/gladircabral\/wp-json\/wp\/v2\/posts"}],"about":[{"href":"https:\/\/ultimato.com.br\/sites\/gladircabral\/wp-json\/wp\/v2\/types\/post"}],"author":[{"embeddable":true,"href":"https:\/\/ultimato.com.br\/sites\/gladircabral\/wp-json\/wp\/v2\/users\/35"}],"replies":[{"embeddable":true,"href":"https:\/\/ultimato.com.br\/sites\/gladircabral\/wp-json\/wp\/v2\/comments?post=1048"}],"version-history":[{"count":4,"href":"https:\/\/ultimato.com.br\/sites\/gladircabral\/wp-json\/wp\/v2\/posts\/1048\/revisions"}],"predecessor-version":[{"id":1053,"href":"https:\/\/ultimato.com.br\/sites\/gladircabral\/wp-json\/wp\/v2\/posts\/1048\/revisions\/1053"}],"wp:attachment":[{"href":"https:\/\/ultimato.com.br\/sites\/gladircabral\/wp-json\/wp\/v2\/media?parent=1048"}],"wp:term":[{"taxonomy":"category","embeddable":true,"href":"https:\/\/ultimato.com.br\/sites\/gladircabral\/wp-json\/wp\/v2\/categories?post=1048"},{"taxonomy":"post_tag","embeddable":true,"href":"https:\/\/ultimato.com.br\/sites\/gladircabral\/wp-json\/wp\/v2\/tags?post=1048"}],"curies":[{"name":"wp","href":"https:\/\/api.w.org\/{rel}","templated":true}]}}