{"id":1005,"date":"2013-12-29T23:00:25","date_gmt":"2013-12-30T02:00:25","guid":{"rendered":"http:\/\/ultimato.com.br\/sites\/gladircabral\/?p=1005"},"modified":"2013-12-30T09:41:59","modified_gmt":"2013-12-30T12:41:59","slug":"3031-os-calendarios","status":"publish","type":"post","link":"https:\/\/ultimato.com.br\/sites\/gladircabral\/2013\/12\/29\/3031-os-calendarios\/","title":{"rendered":"30\/31 | Os calend\u00e1rios"},"content":{"rendered":"<p><b><a href=\"http:\/\/ultimato.com.br\/sites\/gladircabral\/files\/2013\/12\/calendar.jpg\"><img loading=\"lazy\" decoding=\"async\" class=\"alignleft size-full wp-image-1006\" alt=\"calendar\" src=\"http:\/\/ultimato.com.br\/sites\/gladircabral\/files\/2013\/12\/calendar.jpg\" width=\"300\" height=\"197\" srcset=\"https:\/\/ultimato.com.br\/sites\/gladircabral\/files\/2013\/12\/calendar.jpg 300w, https:\/\/ultimato.com.br\/sites\/gladircabral\/files\/2013\/12\/calendar-150x98.jpg 150w\" sizes=\"auto, (max-width: 300px) 100vw, 300px\" \/><\/a>Leia: Eclesiastes 3.1-8<\/b><\/p>\n<p>&nbsp;<\/p>\n<p>Sobre minha mesa de trabalho h\u00e1 dois calend\u00e1rios convivendo pacificamente ao lado do computador: o calend\u00e1rio do ano que termina, todo rabiscado, envelhecido, anotado com canetas de v\u00e1rias cores; e o calend\u00e1rio do Ano Novo, bonito, cheiroso, brilhando, prometendo grandes novidades, expectativas muitas e incont\u00e1veis projetos. Eles me ensinam que os dias passam voando, como diz o Salmo 90, e para nunca mais voltar.<\/p>\n<p>Os calend\u00e1rios me dizem tamb\u00e9m que o tempo traz suas marcas sobre nossa vida, com suas mem\u00f3rias, suas lembran\u00e7as queridas e \u00e0s vezes doloridas e dif\u00edceis. E tamb\u00e9m me dizem que o novo tempo est\u00e1 a\u00ed, como um caminho n\u00e3o trilhado e extremamente atraente, cheio de perspectivas, desafios e ansiedades.<\/p>\n<p>H\u00e1 um poema de Robert Frost (1874-1963) que fala de um homem que, caminhando por uma floresta, chega at\u00e9 uma bifurca\u00e7\u00e3o. Ele tem de decidir que caminho seguir, se o da direita ou o da esquerda, e est\u00e1 mergulhado em profundos pensamentos, todos eles temperados de d\u00favida e uma certa nostalgia.<\/p>\n<blockquote><p>Dois caminhos se bifurcam numa floresta amarela,<\/p>\n<p>E lamento n\u00e3o poder seguir por ambos<\/p>\n<p>E continuar sendo um s\u00f3 viajante. Ali permaneci<\/p>\n<p>E olhei para um deles como pude<\/p>\n<p>At\u00e9 onde fazia a curva;<\/p>\n<p>&nbsp;<\/p>\n<p>Ent\u00e3o olhei para o outro, t\u00e3o belo quanto o primeiro,<\/p>\n<p>Talvez at\u00e9 mais atraente,<\/p>\n<p>Porque era gramado e pouco usado;<\/p>\n<p>Embora quanto ao uso<\/p>\n<p>Eles estavam mais ou menos iguais,<\/p>\n<p>&nbsp;<\/p>\n<p>E ambos estavam ali naquela manh\u00e3<\/p>\n<p>Em folhas que jamais foram pisadas.<\/p>\n<p>Oh, eu deixei o primeiro para um outro dia!<\/p>\n<p>Mesmo sabendo como um caminho leva a outro,<\/p>\n<p>Duvidei que algum dia pudesse voltar.<\/p>\n<p>&nbsp;<\/p>\n<p>Um direi estas coisas com um suspiro no peito<\/p>\n<p>L\u00e1 no futuro, daqui a anos e anos:<\/p>\n<p>Dois caminhos se bifurcavam numa floresta, e eu \u2013<\/p>\n<p>Eu escolhi o caminho menos trilhado,<\/p>\n<p>E isso fez toda a diferen\u00e7a<\/p><\/blockquote>\n<p>H\u00e1 dois calend\u00e1rios na minha frente. Quero orar a Deus e agradecer pelo ano que termina, pelas vit\u00f3rias, pelas lutas, pelas alegrais, pelas experi\u00eancias, ainda que \u00e1rduas. Quero agradecer porque o Senhor esteve presente em cada dia, em cada hora que passou. Quero tamb\u00e9m pedir pelo ano novo, para que sua presen\u00e7a se confirme em cada dia, em cada batida do rel\u00f3gio, em cada pulsar do cora\u00e7\u00e3o.<\/p>\n<p>E no futuro, daqui a anos e anos, que eu possa dizer, n\u00e3o com suspiro mas com alegria, que escolhi o caminho que &#8220;fez toda a diferen\u00e7a&#8221;.<\/p>\n<p>Ou\u00e7a a can\u00e7\u00e3o &#8220;Rel\u00f3gio&#8221; (Jorge Camargo &amp; Arthur Mendes), na interpreta\u00e7\u00e3o dos queridos amigos Jorge Camargo e Carol Gualberto. Medite. Ore. Compartilhe. <a href=\"http:\/\/www.youtube.com\/watch?v=f7inDMfpoLQ\">http:\/\/www.youtube.com\/watch?v=f7inDMfpoLQ<\/a>.<\/p>\n<p>&nbsp;<\/p>\n<p align=\"right\">Gladir Cabral<\/p>\n","protected":false},"excerpt":{"rendered":"<p>Leia: Eclesiastes 3.1-8 &nbsp; Sobre minha mesa de trabalho h\u00e1 dois calend\u00e1rios convivendo pacificamente ao lado do computador: o calend\u00e1rio do ano que termina, todo rabiscado, envelhecido, anotado com canetas de v\u00e1rias cores; e o calend\u00e1rio do Ano Novo, bonito, cheiroso, brilhando, prometendo grandes novidades, expectativas muitas e incont\u00e1veis projetos. Eles me ensinam que os [&hellip;]<\/p>\n","protected":false},"author":35,"featured_media":0,"comment_status":"open","ping_status":"open","sticky":false,"template":"","format":"standard","meta":{"ngg_post_thumbnail":0,"footnotes":""},"categories":[114],"tags":[],"class_list":["post-1005","post","type-post","status-publish","format-standard","hentry","category-artigos"],"_links":{"self":[{"href":"https:\/\/ultimato.com.br\/sites\/gladircabral\/wp-json\/wp\/v2\/posts\/1005","targetHints":{"allow":["GET"]}}],"collection":[{"href":"https:\/\/ultimato.com.br\/sites\/gladircabral\/wp-json\/wp\/v2\/posts"}],"about":[{"href":"https:\/\/ultimato.com.br\/sites\/gladircabral\/wp-json\/wp\/v2\/types\/post"}],"author":[{"embeddable":true,"href":"https:\/\/ultimato.com.br\/sites\/gladircabral\/wp-json\/wp\/v2\/users\/35"}],"replies":[{"embeddable":true,"href":"https:\/\/ultimato.com.br\/sites\/gladircabral\/wp-json\/wp\/v2\/comments?post=1005"}],"version-history":[{"count":2,"href":"https:\/\/ultimato.com.br\/sites\/gladircabral\/wp-json\/wp\/v2\/posts\/1005\/revisions"}],"predecessor-version":[{"id":1008,"href":"https:\/\/ultimato.com.br\/sites\/gladircabral\/wp-json\/wp\/v2\/posts\/1005\/revisions\/1008"}],"wp:attachment":[{"href":"https:\/\/ultimato.com.br\/sites\/gladircabral\/wp-json\/wp\/v2\/media?parent=1005"}],"wp:term":[{"taxonomy":"category","embeddable":true,"href":"https:\/\/ultimato.com.br\/sites\/gladircabral\/wp-json\/wp\/v2\/categories?post=1005"},{"taxonomy":"post_tag","embeddable":true,"href":"https:\/\/ultimato.com.br\/sites\/gladircabral\/wp-json\/wp\/v2\/tags?post=1005"}],"curies":[{"name":"wp","href":"https:\/\/api.w.org\/{rel}","templated":true}]}}