{"id":994,"date":"2013-02-15T20:56:32","date_gmt":"2013-02-15T23:56:32","guid":{"rendered":"http:\/\/ultimato.com.br\/sites\/fatosecorrelatos\/?p=994"},"modified":"2013-02-15T21:29:42","modified_gmt":"2013-02-16T00:29:42","slug":"duas-mulheres-e-um-colo-vazio","status":"publish","type":"post","link":"https:\/\/ultimato.com.br\/sites\/fatosecorrelatos\/2013\/02\/15\/duas-mulheres-e-um-colo-vazio\/","title":{"rendered":"Duas mulheres e um colo vazio"},"content":{"rendered":"<p>Chegamos para a consulta de rotina de minha esposa. Tamb\u00e9m \u00e0 espera do ginecologista, duas mulheres. Uma, jovem, gr\u00e1vida de oito meses; a outra, com fei\u00e7\u00e3o triste e aparentando uns 30 anos, carregava uma pasta cinza nas m\u00e3os. O m\u00e9dico est\u00e1 atrasado, e minha esposa aproveita para fazer umas compras no supermercado ao lado, e deixa nosso filho em meu colo.<\/p>\n<p>De repente ent\u00e3o, me vi na seguinte cena: eu, desajeitado com meu filho de tr\u00eas meses nos bra\u00e7os. Em minha frente, duas mulheres: uma jovem quase m\u00e3e e outra na espera impaciente do m\u00e9dico. A gr\u00e1vida puxa assunto com a colega que acaba de conhecer. Descubro ent\u00e3o que a tal mulher tamb\u00e9m estivera gr\u00e1vida, mas ainda no in\u00edcio perdera o beb\u00ea. Tudo bem recente. Ela estava voltando ao m\u00e9dico para apresentar os exames feitos ap\u00f3s a interrup\u00e7\u00e3o da gravidez. Mesmo j\u00e1 tendo filhos, a tristeza pela perda \u00e9 evidente.<\/p>\n<p>Veja bem. A vida, suas circunst\u00e2ncias e suas esta\u00e7\u00f5es condensadas em um \u00fanico momento. Tantas perguntas! Tanto mist\u00e9rio entre a vida celebrada, a vida esperada e a vida perdida.<\/p>\n<p>Por um lado, sinto pena e sou tentado a pensar que n\u00e3o deveria ser assim. Esses encontros entre circunst\u00e2ncias t\u00e3o opostas n\u00e3o deveriam existir. Por outro lado, devo admitir que a vida real \u00e9 mais parecida com o que vejo neste momento do que com o que elaboram os que n\u00e3o a querem enfrentar. Encarar a vida n\u00e3o \u00e9 idealiz\u00e1-la, mas sim admiti-la, mesmo quando nos encontramos com sua face misteriosa.<\/p>\n<p>Ainda estou com meu filho no colo, ele que j\u00e1 dorme h\u00e1 alguns minutos. Come\u00e7o a imaginar no que essas duas mulheres estariam pensando a meu respeito. \u201cEle n\u00e3o sabe carregar o beb\u00ea!\u201d. \u201cOnde est\u00e1 a m\u00e3e desta crian\u00e7a?\u201d. \u201cPor que eu, que sou mulher, estou com as m\u00e3os vazias, e ele, que \u00e9 homem, n\u00e3o est\u00e1?\u201d. Sinto-me um pouco constrangido tanto diante da possibilidade de que elas realmente tenham pensado isso quanto da minha imagina\u00e7\u00e3o absurda.<\/p>\n<p>Sinto calor. Saio do local e vou para a cal\u00e7ada. Meus bra\u00e7os est\u00e3o cansados. Elas continuam l\u00e1 \u00e0 espera do m\u00e9dico que n\u00e3o chega.<\/p>\n<p>Ah, essa vida estranha que nos faz esperar enquanto sofremos, e sofrer enquanto esperamos!<\/p>\n<p>&nbsp;<\/p>\n","protected":false},"excerpt":{"rendered":"<p>Chegamos para a consulta de rotina de minha esposa. Tamb\u00e9m \u00e0 espera do ginecologista, duas mulheres. Uma, jovem, gr\u00e1vida de oito meses; a outra, com fei\u00e7\u00e3o triste e aparentando uns 30 anos, carregava uma pasta cinza nas m\u00e3os. O m\u00e9dico est\u00e1 atrasado, e minha esposa aproveita para fazer umas compras no supermercado ao lado, e [&hellip;]<\/p>\n","protected":false},"author":12,"featured_media":0,"comment_status":"open","ping_status":"open","sticky":false,"template":"","format":"standard","meta":{"ngg_post_thumbnail":0,"footnotes":""},"categories":[7654,15594],"tags":[7603],"class_list":["post-994","post","type-post","status-publish","format-standard","hentry","category-cronicas","category-diario-de-miguel","tag-cronicas-do-cotidiano"],"_links":{"self":[{"href":"https:\/\/ultimato.com.br\/sites\/fatosecorrelatos\/wp-json\/wp\/v2\/posts\/994","targetHints":{"allow":["GET"]}}],"collection":[{"href":"https:\/\/ultimato.com.br\/sites\/fatosecorrelatos\/wp-json\/wp\/v2\/posts"}],"about":[{"href":"https:\/\/ultimato.com.br\/sites\/fatosecorrelatos\/wp-json\/wp\/v2\/types\/post"}],"author":[{"embeddable":true,"href":"https:\/\/ultimato.com.br\/sites\/fatosecorrelatos\/wp-json\/wp\/v2\/users\/12"}],"replies":[{"embeddable":true,"href":"https:\/\/ultimato.com.br\/sites\/fatosecorrelatos\/wp-json\/wp\/v2\/comments?post=994"}],"version-history":[{"count":2,"href":"https:\/\/ultimato.com.br\/sites\/fatosecorrelatos\/wp-json\/wp\/v2\/posts\/994\/revisions"}],"predecessor-version":[{"id":996,"href":"https:\/\/ultimato.com.br\/sites\/fatosecorrelatos\/wp-json\/wp\/v2\/posts\/994\/revisions\/996"}],"wp:attachment":[{"href":"https:\/\/ultimato.com.br\/sites\/fatosecorrelatos\/wp-json\/wp\/v2\/media?parent=994"}],"wp:term":[{"taxonomy":"category","embeddable":true,"href":"https:\/\/ultimato.com.br\/sites\/fatosecorrelatos\/wp-json\/wp\/v2\/categories?post=994"},{"taxonomy":"post_tag","embeddable":true,"href":"https:\/\/ultimato.com.br\/sites\/fatosecorrelatos\/wp-json\/wp\/v2\/tags?post=994"}],"curies":[{"name":"wp","href":"https:\/\/api.w.org\/{rel}","templated":true}]}}