{"id":99,"date":"2008-05-14T13:22:00","date_gmt":"2008-05-14T16:22:00","guid":{"rendered":"http:\/\/ultimato.com.br\/sites\/fatosecorrelatos\/2008\/05\/14\/uma-caminhada-pelo-centro-do-poder\/"},"modified":"2010-09-25T18:56:33","modified_gmt":"2010-09-25T21:56:33","slug":"uma-caminhada-pelo-centro-do-poder","status":"publish","type":"post","link":"https:\/\/ultimato.com.br\/sites\/fatosecorrelatos\/2008\/05\/14\/uma-caminhada-pelo-centro-do-poder\/","title":{"rendered":"Uma caminhada pelo centro do poder"},"content":{"rendered":"<p>Dia 14 de maio de 2008. Estou pela primeira vez em Bras\u00edlia, centro do poder pol\u00edtico do pa\u00eds. Depois de um pedido de visto para os EUA fracassado, resolvi caminhar pela frente dos pr\u00e9dios enormes que abrigam os minist\u00e9rios federais. Visitei primeiramente o Minist\u00e9rio do Desenvolvimento Social e Seguran\u00e7a Alimentar. Fui recebido por uma jornalista a quem pedi informa\u00e7\u00f5es sobre o trabalho do dito minist\u00e9rio. Com boa vontade e simpatia, ela me deu v\u00e1rios f<span style=\"font-style: italic\">olders<\/span> e material sobre estatutos de idosos, crian\u00e7as, etc. e sobre o Sistema \u00danico de Assist\u00eancia Social (SUAS). Li rapidamente algumas coisas e fiquei animado com o que estava no papel. Resta saber se isso \u00e9 real o suficiente na pr\u00e1tica. De dentro do meu cora\u00e7\u00e3o, me veio um desejo grande de que as Igrejas tamb\u00e9m se envolvessem com tudo isso.<\/p>\n<p>Depois, passei em frente ao Minist\u00e9rio do Meio Ambiente e li duas faixas de apoio \u00e0 Marina Silva, assinadas pela Associa\u00e7\u00e3o dos Funcion\u00e1rios do MMA. Uma delas dizia: &#8220;Continue a Luta!&#8221;. Me dirigi para a porta de entrada do pr\u00e9dio, e por acaso, encontrei Jane Villas B\u00f4as, a assessora de Marina. Ela me reconheceu (eu havia conversado com ela em junho de 2007) e nos saudamos com alegria. Eu disse que soube da demiss\u00e3o da ministra e expressei meu apoio e tamb\u00e9m da equipe da Editora <span style=\"font-style: italic\">Ultimato<\/span>. Ela agradeceu e disse que a demiss\u00e3o da Marina foi uma atitude de &#8220;sacrif\u00edcio necess\u00e1rio para que as vit\u00f3rias conquistadas n\u00e3o fossem perdidas&#8221;. Logo ap\u00f3s essa frase, ela disse (em outras palavras) que Marina n\u00e3o suportou a incoer\u00eancia do Governo em apoiar governadores que iam contra a pol\u00edtica de meio ambiente que estava sendo defendida e implantada pelo MMA. Com isso, Marina se viu se sustenta\u00e7\u00e3o do pr\u00f3prio Governo. Lhe restou o &#8220;sacrif\u00edcio necess\u00e1rio&#8221; de pedir demiss\u00e3o para continuar lutando no Senado. Nos despedimos com um carinho de irm\u00e3os em Cristo, e com a certeza de que a luta continua.<\/p>\n<p>Continuei caminhando. Passei pela bela Catedral Metropolitana de Bras\u00edlia e pelas 4 est\u00e1tuas dos 4 autores do Evangelho (Mateus, Lucas, Marcos e Jo\u00e3o). Igreja e Estado lado a lado. Coincid\u00eancia? Talvez n\u00e3o. De qualquer forma, entrei no templo e apreciei a maravilha arquitet\u00f4nica de Niemeyer. Ao lado da catedral, vi 4 sinos grandes doados pela Espanha. Alguns minutos atr\u00e1s, eu passei ao lado de um ambulante que vendia exatamente sinos (!). Brinquei com ele: &#8220;Esses sinos v\u00e3o ajudar a acordar alguns pol\u00edticos daqui, hein?&#8221;. Ele riu economicamente, mas n\u00e3o disse nada (acho que n\u00e3o entendeu a piada).<\/p>\n<p>Mais a frente, ajudei a empurrar um carro sem gasolina. Trabalho em v\u00e3o. O carro continuou sem gasolina.<\/p>\n<p>Passei em frente \u00e0 Biblioteca Nacional de Bras\u00edlia, mas apesar da vontade de entrar, n\u00e3o o fiz, pois precisava chegar na rodovi\u00e1ria.<\/p>\n<p>Sob o sol escaldante da capital federal, vi trabalhadores rurais protestando em frente ao pr\u00e9dio do Minist\u00e9rio do Planejamento. Eles reclamavam que o Governo n\u00e3o cumpriu a promessa de reajuste salarial. Foi o segundo protesto popular que presenciei nos dois dias que estou em Bras\u00edlia.<\/p>\n<p>Ao entrar no \u00f4nibus que iria me levar at\u00e9 a um shopping, vi uma senhora idosa ajudando uma mais idosa ainda a descer do \u00f4nibus. J\u00e1 dentro do lota\u00e7\u00e3o, um homem entrou para vender doces. Comprei um pacote, e quando desci do \u00f4nibus, tamb\u00e9m o encontrei l\u00e1 embaixo. Como havia citado alguns vers\u00edculos b\u00edblicos para n\u00f3s, resolvi lhe dar uma revista <span style=\"font-style: italic\">Ultimato<\/span>. Ele agradeceu. Depois de um tempo, atravessei a pista e o encontrei numa mesa de um restaurante bebendo uma cerveja e lendo a <span style=\"font-style: italic\">Ultimato<\/span>. Feliz da vida!<\/p>\n<p>Agora s\u00e3o 14h15. \u00c0s 19 horas volto para Vi\u00e7osa.<\/p>\n","protected":false},"excerpt":{"rendered":"<p>Dia 14 de maio de 2008. Estou pela primeira vez em Bras\u00edlia, centro do poder pol\u00edtico do pa\u00eds. Depois de um pedido de visto para os EUA fracassado, resolvi caminhar pela frente dos pr\u00e9dios enormes que abrigam os minist\u00e9rios federais. Visitei primeiramente o Minist\u00e9rio do Desenvolvimento Social e Seguran\u00e7a Alimentar. Fui recebido por uma jornalista [&hellip;]<\/p>\n","protected":false},"author":12,"featured_media":0,"comment_status":"open","ping_status":"open","sticky":false,"template":"","format":"standard","meta":{"ngg_post_thumbnail":0,"footnotes":""},"categories":[7654],"tags":[7619,165,5870],"class_list":["post-99","post","type-post","status-publish","format-standard","hentry","category-cronicas","tag-caminho","tag-meio-ambiente","tag-poder"],"_links":{"self":[{"href":"https:\/\/ultimato.com.br\/sites\/fatosecorrelatos\/wp-json\/wp\/v2\/posts\/99","targetHints":{"allow":["GET"]}}],"collection":[{"href":"https:\/\/ultimato.com.br\/sites\/fatosecorrelatos\/wp-json\/wp\/v2\/posts"}],"about":[{"href":"https:\/\/ultimato.com.br\/sites\/fatosecorrelatos\/wp-json\/wp\/v2\/types\/post"}],"author":[{"embeddable":true,"href":"https:\/\/ultimato.com.br\/sites\/fatosecorrelatos\/wp-json\/wp\/v2\/users\/12"}],"replies":[{"embeddable":true,"href":"https:\/\/ultimato.com.br\/sites\/fatosecorrelatos\/wp-json\/wp\/v2\/comments?post=99"}],"version-history":[{"count":1,"href":"https:\/\/ultimato.com.br\/sites\/fatosecorrelatos\/wp-json\/wp\/v2\/posts\/99\/revisions"}],"predecessor-version":[{"id":285,"href":"https:\/\/ultimato.com.br\/sites\/fatosecorrelatos\/wp-json\/wp\/v2\/posts\/99\/revisions\/285"}],"wp:attachment":[{"href":"https:\/\/ultimato.com.br\/sites\/fatosecorrelatos\/wp-json\/wp\/v2\/media?parent=99"}],"wp:term":[{"taxonomy":"category","embeddable":true,"href":"https:\/\/ultimato.com.br\/sites\/fatosecorrelatos\/wp-json\/wp\/v2\/categories?post=99"},{"taxonomy":"post_tag","embeddable":true,"href":"https:\/\/ultimato.com.br\/sites\/fatosecorrelatos\/wp-json\/wp\/v2\/tags?post=99"}],"curies":[{"name":"wp","href":"https:\/\/api.w.org\/{rel}","templated":true}]}}