{"id":988,"date":"2013-01-31T14:50:44","date_gmt":"2013-01-31T17:50:44","guid":{"rendered":"http:\/\/ultimato.com.br\/sites\/fatosecorrelatos\/?p=988"},"modified":"2013-01-31T14:50:44","modified_gmt":"2013-01-31T17:50:44","slug":"de-palavra-em-palavra","status":"publish","type":"post","link":"https:\/\/ultimato.com.br\/sites\/fatosecorrelatos\/2013\/01\/31\/de-palavra-em-palavra\/","title":{"rendered":"De palavra em palavra"},"content":{"rendered":"<p><a href=\"http:\/\/ultimato.com.br\/sites\/fatosecorrelatos\/files\/2013\/01\/1279599_13140278.jpg\" class=\"lightview\" data-lightview-group=\"group-988\" data-lightview-options=\"skin: 'dark', controls: 'relative', padding: '10', shadow: { color: '#000000', opacity: 0.08, blur: 3 }\"><img loading=\"lazy\" decoding=\"async\" class=\"alignright  wp-image-989\" alt=\"1279599_13140278\" src=\"http:\/\/ultimato.com.br\/sites\/fatosecorrelatos\/files\/2013\/01\/1279599_13140278.jpg\" width=\"251\" height=\"234\" srcset=\"https:\/\/ultimato.com.br\/sites\/fatosecorrelatos\/files\/2013\/01\/1279599_13140278.jpg 314w, https:\/\/ultimato.com.br\/sites\/fatosecorrelatos\/files\/2013\/01\/1279599_13140278-300x278.jpg 300w, https:\/\/ultimato.com.br\/sites\/fatosecorrelatos\/files\/2013\/01\/1279599_13140278-150x139.jpg 150w\" sizes=\"auto, (max-width: 251px) 100vw, 251px\" \/><\/a>De palavra em palavra a gente vai criando e recriando nossa comunidade. Porque \u201cas palavras t\u00eam o poder de criar e \u00e9 este poder criativo que precisamos resgatar na vida comunit\u00e1ria\u201d, j\u00e1 disse o pastor Ricardo Barbosa.<!--more--><\/p>\n<p>O que falamos tem o maravilhoso potencial de juntar n\u00f3s e tecer os que comp\u00f5em nossa igreja. Palavras de perd\u00e3o, de cuidado, de acolhimento, de exorta\u00e7\u00e3o. Mas o contr\u00e1rio tamb\u00e9m \u00e9 verdadeiro: o verbo dito irresponsavelmente (fofocas, mentiras e \u201cmeias verdades\u201d, frases egoc\u00eantricas) pode causar rasgos quase irrepar\u00e1veis. N\u00e3o \u00e9 \u00e0 toa que Tiago \u00e9 t\u00e3o alarmante: \u201cA l\u00edngua \u00e9 um fogo; \u00e9 um mundo de iniquidade\u201d (Tg 3.6).<\/p>\n<p>Jesus acerta em cheio: \u201cA boca fala do que est\u00e1 cheio o cora\u00e7\u00e3o\u201d (Mt 12.34). Para Cristo tudo come\u00e7a \u00e9 no cora\u00e7\u00e3o mesmo. Da\u00ed ele ter denunciado t\u00e3o radicalmente a hipocrisia presente no descompasso entre o que falamos e o que fazemos.<\/p>\n<p>Devemos ter cuidado com as palavras, n\u00e3o apenas porque isso faz parte de algum tipo de c\u00f3digo de boa conviv\u00eancia, mas tamb\u00e9m porque devemos honra \u00e0quele que \u00e9 a Palavra (Jo 1.1-5) e de quem prov\u00e9m tudo que \u00e9 puro, justo e santo. Se nosso discurso envergonha a fonte de todo bem, o melhor mesmo \u00e9 cairmos em sil\u00eancio volunt\u00e1rio at\u00e9 aprendermos a falar, de verdade.<\/p>\n","protected":false},"excerpt":{"rendered":"<p>De palavra em palavra a gente vai criando e recriando nossa comunidade. Porque \u201cas palavras t\u00eam o poder de criar e \u00e9 este poder criativo que precisamos resgatar na vida comunit\u00e1ria\u201d, j\u00e1 disse o pastor Ricardo Barbosa.<\/p>\n","protected":false},"author":12,"featured_media":0,"comment_status":"open","ping_status":"open","sticky":false,"template":"","format":"standard","meta":{"ngg_post_thumbnail":0,"footnotes":""},"categories":[114],"tags":[5378,5452,5977],"class_list":["post-988","post","type-post","status-publish","format-standard","hentry","category-artigos","tag-comunicacao","tag-dialogo","tag-sabedoria"],"_links":{"self":[{"href":"https:\/\/ultimato.com.br\/sites\/fatosecorrelatos\/wp-json\/wp\/v2\/posts\/988","targetHints":{"allow":["GET"]}}],"collection":[{"href":"https:\/\/ultimato.com.br\/sites\/fatosecorrelatos\/wp-json\/wp\/v2\/posts"}],"about":[{"href":"https:\/\/ultimato.com.br\/sites\/fatosecorrelatos\/wp-json\/wp\/v2\/types\/post"}],"author":[{"embeddable":true,"href":"https:\/\/ultimato.com.br\/sites\/fatosecorrelatos\/wp-json\/wp\/v2\/users\/12"}],"replies":[{"embeddable":true,"href":"https:\/\/ultimato.com.br\/sites\/fatosecorrelatos\/wp-json\/wp\/v2\/comments?post=988"}],"version-history":[{"count":1,"href":"https:\/\/ultimato.com.br\/sites\/fatosecorrelatos\/wp-json\/wp\/v2\/posts\/988\/revisions"}],"predecessor-version":[{"id":990,"href":"https:\/\/ultimato.com.br\/sites\/fatosecorrelatos\/wp-json\/wp\/v2\/posts\/988\/revisions\/990"}],"wp:attachment":[{"href":"https:\/\/ultimato.com.br\/sites\/fatosecorrelatos\/wp-json\/wp\/v2\/media?parent=988"}],"wp:term":[{"taxonomy":"category","embeddable":true,"href":"https:\/\/ultimato.com.br\/sites\/fatosecorrelatos\/wp-json\/wp\/v2\/categories?post=988"},{"taxonomy":"post_tag","embeddable":true,"href":"https:\/\/ultimato.com.br\/sites\/fatosecorrelatos\/wp-json\/wp\/v2\/tags?post=988"}],"curies":[{"name":"wp","href":"https:\/\/api.w.org\/{rel}","templated":true}]}}