{"id":982,"date":"2013-01-25T14:31:29","date_gmt":"2013-01-25T17:31:29","guid":{"rendered":"http:\/\/ultimato.com.br\/sites\/fatosecorrelatos\/?p=982"},"modified":"2013-01-25T14:31:29","modified_gmt":"2013-01-25T17:31:29","slug":"alegre-descontrole","status":"publish","type":"post","link":"https:\/\/ultimato.com.br\/sites\/fatosecorrelatos\/2013\/01\/25\/alegre-descontrole\/","title":{"rendered":"Alegre descontrole"},"content":{"rendered":"<div id=\"attachment_984\" style=\"width: 243px\" class=\"wp-caption alignright\"><a href=\"http:\/\/ultimato.com.br\/sites\/fatosecorrelatos\/files\/2013\/01\/gotas.jpg\" class=\"lightview\" data-lightview-group=\"group-982\" data-lightview-options=\"skin: 'dark', controls: 'relative', padding: '10', shadow: { color: '#000000', opacity: 0.08, blur: 3 }\"><img loading=\"lazy\" decoding=\"async\" aria-describedby=\"caption-attachment-984\" class=\" wp-image-984 \" alt=\"http:\/\/www.sxc.hu\" src=\"http:\/\/ultimato.com.br\/sites\/fatosecorrelatos\/files\/2013\/01\/gotas.jpg\" width=\"233\" height=\"170\" srcset=\"https:\/\/ultimato.com.br\/sites\/fatosecorrelatos\/files\/2013\/01\/gotas.jpg 388w, https:\/\/ultimato.com.br\/sites\/fatosecorrelatos\/files\/2013\/01\/gotas-300x219.jpg 300w, https:\/\/ultimato.com.br\/sites\/fatosecorrelatos\/files\/2013\/01\/gotas-150x109.jpg 150w\" sizes=\"auto, (max-width: 233px) 100vw, 233px\" \/><\/a><p id=\"caption-attachment-984\" class=\"wp-caption-text\">http:\/\/www.sxc.hu<\/p><\/div>\n<p>Tem dias que a vida parece n\u00e3o caber em n\u00f3s. De t\u00e3o complexa, misteriosa e imensa, escapa-nos.<\/p>\n<p>Da\u00ed o momento decisivo: ou ficamos paralisados com o gosto de incapacidade\u00a0na boca ou celebramos a ben\u00e7\u00e3o do &#8220;descontrole&#8221;, ou seja, de n\u00e3o termos o peso da ilus\u00e3o de que cabe a n\u00f3s conter a vida na palma das m\u00e3os.<\/p>\n<p>A vida \u00e9 dada, n\u00e3o conquistada. Se assim \u00e9, sua leveza n\u00e3o est\u00e1 na indiferen\u00e7a do prazer pelo prazer ou na fuga dos problemas, mas na <em>gratid\u00e3o<\/em>. Na liberdade da gratid\u00e3o. Na sensa\u00e7\u00e3o de que tudo \u00e9 um imenso presente de quem a fez com as m\u00e3os de um escultor habilidoso e com o cora\u00e7\u00e3o de um pai amoroso.<\/p>\n<p>A vida \u00e9 mais do que podemos imaginar ou controlar. Mas isso \u00e9 motivo de alegria, n\u00e3o de ang\u00fastia.<\/p>\n<p>Que nossa boca se encha de riso, nossos p\u00e9s de coragem e nossos olhos de esperan\u00e7a. At\u00e9 que tudo fique cheio com a Gra\u00e7a de Deus.<\/p>\n","protected":false},"excerpt":{"rendered":"<p>Tem dias que a vida parece n\u00e3o caber em n\u00f3s. De t\u00e3o complexa, misteriosa e imensa, escapa-nos. Da\u00ed o momento decisivo: ou ficamos paralisados com o gosto de incapacidade\u00a0na boca ou celebramos a ben\u00e7\u00e3o do &#8220;descontrole&#8221;, ou seja, de n\u00e3o termos o peso da ilus\u00e3o de que cabe a n\u00f3s conter a vida na palma [&hellip;]<\/p>\n","protected":false},"author":12,"featured_media":0,"comment_status":"open","ping_status":"open","sticky":false,"template":"","format":"standard","meta":{"ngg_post_thumbnail":0,"footnotes":""},"categories":[114,7654],"tags":[7603,5506,5572,7601,6095],"class_list":["post-982","post","type-post","status-publish","format-standard","hentry","category-artigos","category-cronicas","tag-cronicas-do-cotidiano","tag-esperanca","tag-futuro","tag-humanidade","tag-vida"],"_links":{"self":[{"href":"https:\/\/ultimato.com.br\/sites\/fatosecorrelatos\/wp-json\/wp\/v2\/posts\/982","targetHints":{"allow":["GET"]}}],"collection":[{"href":"https:\/\/ultimato.com.br\/sites\/fatosecorrelatos\/wp-json\/wp\/v2\/posts"}],"about":[{"href":"https:\/\/ultimato.com.br\/sites\/fatosecorrelatos\/wp-json\/wp\/v2\/types\/post"}],"author":[{"embeddable":true,"href":"https:\/\/ultimato.com.br\/sites\/fatosecorrelatos\/wp-json\/wp\/v2\/users\/12"}],"replies":[{"embeddable":true,"href":"https:\/\/ultimato.com.br\/sites\/fatosecorrelatos\/wp-json\/wp\/v2\/comments?post=982"}],"version-history":[{"count":3,"href":"https:\/\/ultimato.com.br\/sites\/fatosecorrelatos\/wp-json\/wp\/v2\/posts\/982\/revisions"}],"predecessor-version":[{"id":987,"href":"https:\/\/ultimato.com.br\/sites\/fatosecorrelatos\/wp-json\/wp\/v2\/posts\/982\/revisions\/987"}],"wp:attachment":[{"href":"https:\/\/ultimato.com.br\/sites\/fatosecorrelatos\/wp-json\/wp\/v2\/media?parent=982"}],"wp:term":[{"taxonomy":"category","embeddable":true,"href":"https:\/\/ultimato.com.br\/sites\/fatosecorrelatos\/wp-json\/wp\/v2\/categories?post=982"},{"taxonomy":"post_tag","embeddable":true,"href":"https:\/\/ultimato.com.br\/sites\/fatosecorrelatos\/wp-json\/wp\/v2\/tags?post=982"}],"curies":[{"name":"wp","href":"https:\/\/api.w.org\/{rel}","templated":true}]}}