{"id":978,"date":"2013-01-23T16:56:14","date_gmt":"2013-01-23T19:56:14","guid":{"rendered":"http:\/\/ultimato.com.br\/sites\/fatosecorrelatos\/?p=978"},"modified":"2013-01-23T16:56:14","modified_gmt":"2013-01-23T19:56:14","slug":"sao-tantas-emocoes-mas","status":"publish","type":"post","link":"https:\/\/ultimato.com.br\/sites\/fatosecorrelatos\/2013\/01\/23\/sao-tantas-emocoes-mas\/","title":{"rendered":"S\u00e3o tantas emo\u00e7\u00f5es, mas&#8230;"},"content":{"rendered":"<p><a href=\"http:\/\/ultimato.com.br\/sites\/fatosecorrelatos\/files\/2013\/01\/Teatro.jpg\" class=\"lightview\" data-lightview-group=\"group-978\" data-lightview-options=\"skin: 'dark', controls: 'relative', padding: '10', shadow: { color: '#000000', opacity: 0.08, blur: 3 }\" data-lightview-title=\"Teatro\"><img loading=\"lazy\" decoding=\"async\" class=\"alignright  wp-image-979\" title=\"Teatro\" src=\"http:\/\/ultimato.com.br\/sites\/fatosecorrelatos\/files\/2013\/01\/Teatro.jpg\" alt=\"\" width=\"235\" height=\"184\" srcset=\"https:\/\/ultimato.com.br\/sites\/fatosecorrelatos\/files\/2013\/01\/Teatro.jpg 391w, https:\/\/ultimato.com.br\/sites\/fatosecorrelatos\/files\/2013\/01\/Teatro-300x235.jpg 300w, https:\/\/ultimato.com.br\/sites\/fatosecorrelatos\/files\/2013\/01\/Teatro-150x117.jpg 150w\" sizes=\"auto, (max-width: 235px) 100vw, 235px\" \/><\/a>Ela chora. E, por isso, parece verdadeira. Seria cruel pensar o contr\u00e1rio.<\/p>\n<p>Ele sorri, e logo deduzimos: \u201c\u00e9 um cara legal\u201d. Como n\u00e3o?<\/p>\n<p>Na ansiedade de vivermos experi\u00eancias verdadeiras, nos rendemos ao padr\u00e3o noveleiro das emo\u00e7\u00f5es extremas. A vida seria bem sem gra\u00e7a sem choro, sem sorrisos, sem rea\u00e7\u00f5es impulsivas. Sim, caro guru, mas n\u00e3o confunda efeitos com a dose do rem\u00e9dio. Seria exagero dizer que nos escondemos na aura das emo\u00e7\u00f5es (que deveriam ser a express\u00e3o da verdade que h\u00e1 em n\u00f3s)?<!--more--><\/p>\n<p>Sou brasileiro, falo muito e alto, sorrio. Gosto de abra\u00e7ar e tocar nas pessoas, enquanto converso. Isso faz parte de minha cultura e de meu perfil pessoal. Mas n\u00e3o sou o que sinto. Seria supervalorizar os sentimentos e emo\u00e7\u00f5es. Dentro de mim, h\u00e1 \u201cnoites escuras da alma\u201d que dificilmente ser\u00e3o percebidas. H\u00e1 frustra\u00e7\u00e3o, mesmo quando conto uma piada. H\u00e1 raiva quando insisto em permanecer em sil\u00eancio. \u00c9 meu jeito de n\u00e3o permitir que os erros extravasem por meio do que sinto. N\u00e3o, n\u00e3o sou menos verdadeiro por causa disso. Ao contr\u00e1rio, sei quem sou e que mecanismos uso para fugir dos outros.<\/p>\n<p>A prop\u00f3sito, as igrejas n\u00e3o estariam caindo neste mesmo erro? N\u00e3o estariam supervalorizando as emo\u00e7\u00f5es, e dando a elas um status de evid\u00eancia que n\u00e3o explica a realidade?<\/p>\n<p>N\u00e3o defendo rabugentos nem mal-educados. Mas tamb\u00e9m n\u00e3o quero endeusar sorrisos superficiais e l\u00e1grimas de crocodilo.<\/p>\n<p><em>\u201cA boca fala do que est\u00e1 cheio o cora\u00e7\u00e3o\u201d (Lc 6.45)<\/em><\/p>\n","protected":false},"excerpt":{"rendered":"<p>Ela chora. E, por isso, parece verdadeira. Seria cruel pensar o contr\u00e1rio. Ele sorri, e logo deduzimos: \u201c\u00e9 um cara legal\u201d. Como n\u00e3o? Na ansiedade de vivermos experi\u00eancias verdadeiras, nos rendemos ao padr\u00e3o noveleiro das emo\u00e7\u00f5es extremas. A vida seria bem sem gra\u00e7a sem choro, sem sorrisos, sem rea\u00e7\u00f5es impulsivas. Sim, caro guru, mas n\u00e3o [&hellip;]<\/p>\n","protected":false},"author":12,"featured_media":0,"comment_status":"open","ping_status":"open","sticky":false,"template":"","format":"standard","meta":{"ngg_post_thumbnail":0,"footnotes":""},"categories":[114],"tags":[9898,9506,8428,9508],"class_list":["post-978","post","type-post","status-publish","format-standard","hentry","category-artigos","tag-carater","tag-integridade","tag-mentira","tag-verdade"],"_links":{"self":[{"href":"https:\/\/ultimato.com.br\/sites\/fatosecorrelatos\/wp-json\/wp\/v2\/posts\/978","targetHints":{"allow":["GET"]}}],"collection":[{"href":"https:\/\/ultimato.com.br\/sites\/fatosecorrelatos\/wp-json\/wp\/v2\/posts"}],"about":[{"href":"https:\/\/ultimato.com.br\/sites\/fatosecorrelatos\/wp-json\/wp\/v2\/types\/post"}],"author":[{"embeddable":true,"href":"https:\/\/ultimato.com.br\/sites\/fatosecorrelatos\/wp-json\/wp\/v2\/users\/12"}],"replies":[{"embeddable":true,"href":"https:\/\/ultimato.com.br\/sites\/fatosecorrelatos\/wp-json\/wp\/v2\/comments?post=978"}],"version-history":[{"count":1,"href":"https:\/\/ultimato.com.br\/sites\/fatosecorrelatos\/wp-json\/wp\/v2\/posts\/978\/revisions"}],"predecessor-version":[{"id":980,"href":"https:\/\/ultimato.com.br\/sites\/fatosecorrelatos\/wp-json\/wp\/v2\/posts\/978\/revisions\/980"}],"wp:attachment":[{"href":"https:\/\/ultimato.com.br\/sites\/fatosecorrelatos\/wp-json\/wp\/v2\/media?parent=978"}],"wp:term":[{"taxonomy":"category","embeddable":true,"href":"https:\/\/ultimato.com.br\/sites\/fatosecorrelatos\/wp-json\/wp\/v2\/categories?post=978"},{"taxonomy":"post_tag","embeddable":true,"href":"https:\/\/ultimato.com.br\/sites\/fatosecorrelatos\/wp-json\/wp\/v2\/tags?post=978"}],"curies":[{"name":"wp","href":"https:\/\/api.w.org\/{rel}","templated":true}]}}