{"id":975,"date":"2013-01-15T14:36:41","date_gmt":"2013-01-15T17:36:41","guid":{"rendered":"http:\/\/ultimato.com.br\/sites\/fatosecorrelatos\/?p=975"},"modified":"2013-01-15T14:36:41","modified_gmt":"2013-01-15T17:36:41","slug":"pequenas-maos-juntas","status":"publish","type":"post","link":"https:\/\/ultimato.com.br\/sites\/fatosecorrelatos\/2013\/01\/15\/pequenas-maos-juntas\/","title":{"rendered":"Pequenas m\u00e3os juntas"},"content":{"rendered":"<p>Pequenas m\u00e3os juntas.<br \/>\nParece tentar compreend\u00ea-las,<br \/>\nComo se fosse o grande primeiro mist\u00e9rio da vida,<br \/>\nO horizonte nascente dos curiosos.<\/p>\n<p>Gosto de achar que, enquanto explora os mecanismos das m\u00e3os, ele ora.<br \/>\nUma ora\u00e7\u00e3o simples.<br \/>\nN\u00e3o dos desesperados, mas dos seguros,<br \/>\nDos acolhidos no descanso do colo.<\/p>\n<p>Ele ora, enquanto sorri;<br \/>\nEnquanto se alimenta, ora;<br \/>\nEnquanto o mundo ainda n\u00e3o o amea\u00e7a, ora.<br \/>\nE a vida t\u00e3o nova se torna uma \u00fanica ora\u00e7\u00e3o.<\/p>\n<p>Gosto de v\u00ea-lo assim, simples.<br \/>\nCom as pequenas m\u00e3os juntas.<\/p>\n<p>&nbsp;<\/p>\n<p>___________<br \/>\n<em>Para Miguel (15.01.2013).<\/em><\/p>\n<p>&nbsp;<\/p>\n","protected":false},"excerpt":{"rendered":"<p>Pequenas m\u00e3os juntas. Parece tentar compreend\u00ea-las, Como se fosse o grande primeiro mist\u00e9rio da vida, O horizonte nascente dos curiosos. Gosto de achar que, enquanto explora os mecanismos das m\u00e3os, ele ora. Uma ora\u00e7\u00e3o simples. N\u00e3o dos desesperados, mas dos seguros, Dos acolhidos no descanso do colo. Ele ora, enquanto sorri; Enquanto se alimenta, ora; [&hellip;]<\/p>\n","protected":false},"author":12,"featured_media":0,"comment_status":"open","ping_status":"open","sticky":false,"template":"","format":"standard","meta":{"ngg_post_thumbnail":0,"footnotes":""},"categories":[15594,7655],"tags":[160,15603],"class_list":["post-975","post","type-post","status-publish","format-standard","hentry","category-diario-de-miguel","category-poesias","tag-poesia","tag-ser-pai"],"_links":{"self":[{"href":"https:\/\/ultimato.com.br\/sites\/fatosecorrelatos\/wp-json\/wp\/v2\/posts\/975","targetHints":{"allow":["GET"]}}],"collection":[{"href":"https:\/\/ultimato.com.br\/sites\/fatosecorrelatos\/wp-json\/wp\/v2\/posts"}],"about":[{"href":"https:\/\/ultimato.com.br\/sites\/fatosecorrelatos\/wp-json\/wp\/v2\/types\/post"}],"author":[{"embeddable":true,"href":"https:\/\/ultimato.com.br\/sites\/fatosecorrelatos\/wp-json\/wp\/v2\/users\/12"}],"replies":[{"embeddable":true,"href":"https:\/\/ultimato.com.br\/sites\/fatosecorrelatos\/wp-json\/wp\/v2\/comments?post=975"}],"version-history":[{"count":1,"href":"https:\/\/ultimato.com.br\/sites\/fatosecorrelatos\/wp-json\/wp\/v2\/posts\/975\/revisions"}],"predecessor-version":[{"id":976,"href":"https:\/\/ultimato.com.br\/sites\/fatosecorrelatos\/wp-json\/wp\/v2\/posts\/975\/revisions\/976"}],"wp:attachment":[{"href":"https:\/\/ultimato.com.br\/sites\/fatosecorrelatos\/wp-json\/wp\/v2\/media?parent=975"}],"wp:term":[{"taxonomy":"category","embeddable":true,"href":"https:\/\/ultimato.com.br\/sites\/fatosecorrelatos\/wp-json\/wp\/v2\/categories?post=975"},{"taxonomy":"post_tag","embeddable":true,"href":"https:\/\/ultimato.com.br\/sites\/fatosecorrelatos\/wp-json\/wp\/v2\/tags?post=975"}],"curies":[{"name":"wp","href":"https:\/\/api.w.org\/{rel}","templated":true}]}}