{"id":96,"date":"2008-04-21T20:59:00","date_gmt":"2008-04-21T23:59:00","guid":{"rendered":"http:\/\/ultimato.com.br\/sites\/fatosecorrelatos\/2008\/04\/21\/jornalismo-e-sua-va-maneira-de-viver\/"},"modified":"2010-09-25T18:57:28","modified_gmt":"2010-09-25T21:57:28","slug":"jornalismo-e-sua-va-maneira-de-viver","status":"publish","type":"post","link":"https:\/\/ultimato.com.br\/sites\/fatosecorrelatos\/2008\/04\/21\/jornalismo-e-sua-va-maneira-de-viver\/","title":{"rendered":"Jornalismo e sua v\u00e3 maneira de viver"},"content":{"rendered":"<p><a href=\"http:\/\/bp3.blogger.com\/_oPpAxASUdJ8\/SA0zh_mpvQI\/AAAAAAAAAEg\/hAO5rv0lyeU\/s1600-h\/967614_tv_plant.jpg\" class=\"lightview\" data-lightview-group=\"group-96\" data-lightview-options=\"skin: 'dark', controls: 'relative', padding: '10', shadow: { color: '#000000', opacity: 0.08, blur: 3 }\"><img decoding=\"async\" alt=\"\" src=\"http:\/\/bp3.blogger.com\/_oPpAxASUdJ8\/SA0zh_mpvQI\/AAAAAAAAAEg\/hAO5rv0lyeU\/s200\/967614_tv_plant.jpg\" border=\"0\" \/><\/a> Sou jornalista por forma\u00e7\u00e3o, e, naturalmente, tenho amigos jornalistas. Bem da verdade, j\u00e1 faz tempo que n\u00e3o exer\u00e7o a profiss\u00e3o em uma reda\u00e7\u00e3o di\u00e1ria convencional. N\u00e3o vivo mais aquela tens\u00e3o de todos os dias em busca de not\u00edcias. Confesso: \u00e0s vezes, sinto um pouco de saudades, apesar de ter vivido algumas insatisfa\u00e7\u00f5es no meio.<\/p>\n<div><\/div>\n<div>Por isso, me ponho a refletir um pouco sobre nossa atua\u00e7\u00e3o diante dos fatos recentes. Nos \u00faltimos dias, o Brasil est\u00e1 ouvindo uma esp\u00e9cie de &#8220;m\u00fasica de uma nota s\u00f3&#8221;: o caso da morte tr\u00e1gica da menina Isabella. \u00c9 realmente inaceit\u00e1vel o que aconteceu. No entanto, olho com preocupa\u00e7\u00e3o o papel da m\u00eddia. <\/div>\n<p><\/p>\n<div><\/div>\n<div>Apesar do ceticismo caracter\u00edstico, vez ou outra os jornalistas (ou os jornais?) se convencem de que podem espurgar o mal. Para isso, basta mostr\u00e1-lo repetidamente, e cada vez mais. Como nossa forma\u00e7\u00e3o existencial (talvez n\u00e3o t\u00e3o convicta assim) se relaciona com a exist\u00eancia do mal (ou da maldade)? Como n\u00f3s, jornalistas, podemos analisar com honestidade que nosso humanismo ing\u00eanuo n\u00e3o \u00e9 suficiente para explicar a realidade? Somos amigos ou inimigos do mal? O que ele significa para n\u00f3s?<\/div>\n<div><\/div>\n<p><\/p>\n<div>N\u00e3o quero pensar o pior: que os jornais se aproveitam do caso Isabella para aumentar a audi\u00eancia de seus programas e meios. \u00c9 fato que isso realmente aconteceu (o aumento da audi\u00eancia). No entanto, sei que muitos jornalistas o fazem movidos por uma &#8211; talvez inesperada &#8211; indigna\u00e7\u00e3o. Outros, \u00e9 verdade, n\u00e3o sentem nada, a n\u00e3o ser o dever de divulgar mais uma not\u00edcia. Os donos de jornais, esses sim, pensam mais na audi\u00eancia. <\/div>\n<div><\/div>\n<p><\/p>\n<div>\u00c9 incoerente tamb\u00e9m constatar que mesmo dando tanta import\u00e2ncia a fatos como este, a m\u00eddia os ignora posteriormente como se ignorasse um filme repetido. Tanta relev\u00e2ncia deveria gerar mais compromisso dos meios de comunica\u00e7\u00e3o, n\u00e3o acham? Ou a hist\u00f3ria s\u00f3 existe enquanto a telas dos jornais a exibem? Um drama n\u00e3o pode ser contido no tamanho de uma lauda. Ele vai al\u00e9m da nossa habilidade de formular frases e de nossa capacidade de concis\u00e3o.<\/div>\n<div><\/div>\n<p><\/p>\n<div>N\u00e3o quero acreditar tamb\u00e9m que a m\u00eddia brinca com a realidade. Ela n\u00e3o pode ser um garoto arteiro que maltrata o gatinho de casa s\u00f3 para ouvir os gritos do animal e para sentir-se mais poderoso. Viol\u00eancia e morte de crian\u00e7as \u00e9 uma realidade cruel em nosso pa\u00eds. Acontecem todos os dias, principalmente nos lugares mais pobres. Agora me digam: por que suas hist\u00f3rias tamb\u00e9m n\u00e3o s\u00e3o contadas? Quem determina a pauta? Quais os crit\u00e9rios? Quais objetivos? Quem se importa com o acontece com pessoas pobres nos rinc\u00f5es do nosso pa\u00eds?<\/div>\n<div><\/div>\n<p><\/p>\n<div>Vale aqui pararmos para pensar como anda nossa \u00e9tica como jornalistas. O que nos resta neste famigerado mundo de not\u00edcias, correria e descri\u00e7\u00f5es r\u00e1pidas? Quais nossos valores reais? O que nos move? Perguntas que podem nos ajudar a escrever a pr\u00f3xima not\u00edcia.<\/div>\n<p><\/p>\n<div><\/div>\n<p><\/p>\n<div><\/div>\n","protected":false},"excerpt":{"rendered":"<p>Sou jornalista por forma\u00e7\u00e3o, e, naturalmente, tenho amigos jornalistas. Bem da verdade, j\u00e1 faz tempo que n\u00e3o exer\u00e7o a profiss\u00e3o em uma reda\u00e7\u00e3o di\u00e1ria convencional. N\u00e3o vivo mais aquela tens\u00e3o de todos os dias em busca de not\u00edcias. Confesso: \u00e0s vezes, sinto um pouco de saudades, apesar de ter vivido algumas insatisfa\u00e7\u00f5es no meio. Por [&hellip;]<\/p>\n","protected":false},"author":12,"featured_media":0,"comment_status":"open","ping_status":"open","sticky":false,"template":"","format":"standard","meta":{"ngg_post_thumbnail":0,"footnotes":""},"categories":[114],"tags":[7617],"class_list":["post-96","post","type-post","status-publish","format-standard","hentry","category-artigos","tag-jornalismo"],"_links":{"self":[{"href":"https:\/\/ultimato.com.br\/sites\/fatosecorrelatos\/wp-json\/wp\/v2\/posts\/96","targetHints":{"allow":["GET"]}}],"collection":[{"href":"https:\/\/ultimato.com.br\/sites\/fatosecorrelatos\/wp-json\/wp\/v2\/posts"}],"about":[{"href":"https:\/\/ultimato.com.br\/sites\/fatosecorrelatos\/wp-json\/wp\/v2\/types\/post"}],"author":[{"embeddable":true,"href":"https:\/\/ultimato.com.br\/sites\/fatosecorrelatos\/wp-json\/wp\/v2\/users\/12"}],"replies":[{"embeddable":true,"href":"https:\/\/ultimato.com.br\/sites\/fatosecorrelatos\/wp-json\/wp\/v2\/comments?post=96"}],"version-history":[{"count":1,"href":"https:\/\/ultimato.com.br\/sites\/fatosecorrelatos\/wp-json\/wp\/v2\/posts\/96\/revisions"}],"predecessor-version":[{"id":288,"href":"https:\/\/ultimato.com.br\/sites\/fatosecorrelatos\/wp-json\/wp\/v2\/posts\/96\/revisions\/288"}],"wp:attachment":[{"href":"https:\/\/ultimato.com.br\/sites\/fatosecorrelatos\/wp-json\/wp\/v2\/media?parent=96"}],"wp:term":[{"taxonomy":"category","embeddable":true,"href":"https:\/\/ultimato.com.br\/sites\/fatosecorrelatos\/wp-json\/wp\/v2\/categories?post=96"},{"taxonomy":"post_tag","embeddable":true,"href":"https:\/\/ultimato.com.br\/sites\/fatosecorrelatos\/wp-json\/wp\/v2\/tags?post=96"}],"curies":[{"name":"wp","href":"https:\/\/api.w.org\/{rel}","templated":true}]}}