{"id":951,"date":"2012-12-14T16:48:21","date_gmt":"2012-12-14T19:48:21","guid":{"rendered":"http:\/\/ultimato.com.br\/sites\/fatosecorrelatos\/?p=951"},"modified":"2012-12-14T17:02:42","modified_gmt":"2012-12-14T20:02:42","slug":"triste-grito","status":"publish","type":"post","link":"https:\/\/ultimato.com.br\/sites\/fatosecorrelatos\/2012\/12\/14\/triste-grito\/","title":{"rendered":"Triste grito"},"content":{"rendered":"<p>A viol\u00eancia \u00e9 o triste grito da sociedade. Uma voz estridente que revela muito sobre a mis\u00e9ria de quem somos e de como nos relacionamos. As not\u00edcias s\u00e3o muitas.<\/p>\n<p>Nesta semana, temos, pelo menos, duas manchetes:<\/p>\n<p>1) 45% dos adolescentes que morreram no Brasil em 2010 foram assassinados (<a href=\"http:\/\/www.ultimato.com.br\/conteudo\/45-dos-adolescentes-que-morreram-no-brasil-foram-assassinados-diz-estudo\">IHA<\/a>).<\/p>\n<p>2) Agora h\u00e1 pouco ocorreu mais um <a href=\"http:\/\/noticias.uol.com.br\/internacional\/ultimas-noticias\/2012\/12\/14\/atirador-invade-escola-primaria-nos-eua.htm\" target=\"_blank\">massacre<\/a> em uma escola norte-americana. Um homem matou cerca de 30 pessoas, entre elas, a pr\u00f3pria m\u00e3e e 18 crian\u00e7as (a contagem de v\u00edtimas ainda carece de confirma\u00e7\u00e3o).<!--more--><\/p>\n<p>Por mais alarmante que estas not\u00edcias sejam, a viol\u00eancia cotidiana, no entanto, \u00e9 mais cruel. Ela destr\u00f3i rela\u00e7\u00f5es, banaliza tudo e muda os padr\u00f5es de vida. Contra esta, h\u00e1 v\u00e1rias causas, desde raz\u00f5es pol\u00edticas, psicol\u00f3gicas, espirituais e sociais.<\/p>\n<p>Mais que sistematizar as causas, encorajo agora todos n\u00f3s a n\u00e3o tirarmos a aten\u00e7\u00e3o do \u00f3bvio: o mal \u00e9 sist\u00eamico e escravizador. Sist\u00eamico, porque est\u00e1 presente em todas as dimens\u00f5es da vida e tem o poder de criar estruturas injustas. Escravizador porque quanto mais maldade praticamos, mais somos dominados pelo mal. Nos acostumamos com ele, e, enquanto nos destr\u00f3i, nos tornamos amigos dele.<\/p>\n<p>Ao mesmo tempo que somos distra\u00eddos por infinitos est\u00edmulos (das novas tecnologias a filosofias de auto-ajuda), deixamos de encarar nossa pr\u00f3pria mis\u00e9ria &#8212; at\u00e9, claro, que esta mis\u00e9ria nos cause diretamente dor.<\/p>\n<p>Enquanto choramos nosso fracasso, que o grito da viol\u00eancia, embora triste, nos acorde. Que o arrependimento gerado pelo Esp\u00edrito Santo nos desperte do conformismo med\u00edocre que, tanto o secularismo c\u00ednico quanto muitos modelos religiosos nos convencem a viver.<\/p>\n<p>&nbsp;<\/p>\n<p><em>\u201cJerusal\u00e9m, Jerusal\u00e9m, voc\u00ea, que mata os profetas e apedreja os que lhe s\u00e3o enviados! Quantas vezes eu quis reunir os seus filhos, como a galinha re\u00fane os seus pintinhos debaixo das suas asas, mas voc\u00eas n\u00e3o quiseram! Eis que digo que voc\u00eas n\u00e3o me ver\u00e3o mais at\u00e9 que digam: \u2018Bendito o que vem em nome do Senhor\u2019. (Lucas 13.34-35).<\/em><\/p>\n<p>&nbsp;<\/p>\n","protected":false},"excerpt":{"rendered":"<p>A viol\u00eancia \u00e9 o triste grito da sociedade. Uma voz estridente que revela muito sobre a mis\u00e9ria de quem somos e de como nos relacionamos. As not\u00edcias s\u00e3o muitas. Nesta semana, temos, pelo menos, duas manchetes: 1) 45% dos adolescentes que morreram no Brasil em 2010 foram assassinados (IHA). 2) Agora h\u00e1 pouco ocorreu mais [&hellip;]<\/p>\n","protected":false},"author":12,"featured_media":0,"comment_status":"open","ping_status":"open","sticky":false,"template":"","format":"standard","meta":{"ngg_post_thumbnail":0,"footnotes":""},"categories":[114],"tags":[10556,7605,5714,6097],"class_list":["post-951","post","type-post","status-publish","format-standard","hentry","category-artigos","tag-artigos-2","tag-fatos","tag-mal","tag-violencia"],"_links":{"self":[{"href":"https:\/\/ultimato.com.br\/sites\/fatosecorrelatos\/wp-json\/wp\/v2\/posts\/951","targetHints":{"allow":["GET"]}}],"collection":[{"href":"https:\/\/ultimato.com.br\/sites\/fatosecorrelatos\/wp-json\/wp\/v2\/posts"}],"about":[{"href":"https:\/\/ultimato.com.br\/sites\/fatosecorrelatos\/wp-json\/wp\/v2\/types\/post"}],"author":[{"embeddable":true,"href":"https:\/\/ultimato.com.br\/sites\/fatosecorrelatos\/wp-json\/wp\/v2\/users\/12"}],"replies":[{"embeddable":true,"href":"https:\/\/ultimato.com.br\/sites\/fatosecorrelatos\/wp-json\/wp\/v2\/comments?post=951"}],"version-history":[{"count":4,"href":"https:\/\/ultimato.com.br\/sites\/fatosecorrelatos\/wp-json\/wp\/v2\/posts\/951\/revisions"}],"predecessor-version":[{"id":955,"href":"https:\/\/ultimato.com.br\/sites\/fatosecorrelatos\/wp-json\/wp\/v2\/posts\/951\/revisions\/955"}],"wp:attachment":[{"href":"https:\/\/ultimato.com.br\/sites\/fatosecorrelatos\/wp-json\/wp\/v2\/media?parent=951"}],"wp:term":[{"taxonomy":"category","embeddable":true,"href":"https:\/\/ultimato.com.br\/sites\/fatosecorrelatos\/wp-json\/wp\/v2\/categories?post=951"},{"taxonomy":"post_tag","embeddable":true,"href":"https:\/\/ultimato.com.br\/sites\/fatosecorrelatos\/wp-json\/wp\/v2\/tags?post=951"}],"curies":[{"name":"wp","href":"https:\/\/api.w.org\/{rel}","templated":true}]}}