{"id":916,"date":"2012-10-24T20:46:18","date_gmt":"2012-10-24T23:46:18","guid":{"rendered":"http:\/\/ultimato.com.br\/sites\/fatosecorrelatos\/?p=916"},"modified":"2012-10-24T20:55:01","modified_gmt":"2012-10-24T23:55:01","slug":"sobre-passaros-sobre-nos-mesmos","status":"publish","type":"post","link":"https:\/\/ultimato.com.br\/sites\/fatosecorrelatos\/2012\/10\/24\/sobre-passaros-sobre-nos-mesmos\/","title":{"rendered":"Sobre p\u00e1ssaros. Sobre n\u00f3s mesmos"},"content":{"rendered":"<p><a href=\"http:\/\/ultimato.com.br\/sites\/fatosecorrelatos\/files\/2012\/10\/passaro.jpg\" class=\"lightview\" data-lightview-group=\"group-916\" data-lightview-options=\"skin: 'dark', controls: 'relative', padding: '10', shadow: { color: '#000000', opacity: 0.08, blur: 3 }\" data-lightview-title=\"passaro\"><img loading=\"lazy\" decoding=\"async\" class=\"alignright size-full wp-image-917\" title=\"passaro\" src=\"http:\/\/ultimato.com.br\/sites\/fatosecorrelatos\/files\/2012\/10\/passaro.jpg\" alt=\"\" width=\"320\" height=\"226\" srcset=\"https:\/\/ultimato.com.br\/sites\/fatosecorrelatos\/files\/2012\/10\/passaro.jpg 320w, https:\/\/ultimato.com.br\/sites\/fatosecorrelatos\/files\/2012\/10\/passaro-300x211.jpg 300w, https:\/\/ultimato.com.br\/sites\/fatosecorrelatos\/files\/2012\/10\/passaro-150x105.jpg 150w\" sizes=\"auto, (max-width: 320px) 100vw, 320px\" \/><\/a>P\u00e1ssaro no ar. Voo altaneiro, asas em movimento. Incrivelmente sincronizado, belo.<\/p>\n<p>Outros p\u00e1ssaros se juntam e fazem do c\u00e9u uma grande jornada.<\/p>\n<p>Pessoas caminham e n\u00e3o se olham. Ou s\u00e3o apenas olhares de lasc\u00edvia para corpos bonitos. Ou s\u00e3o olhares miser\u00e1veis para si mesmos, enquanto enxergam superficialmente a multid\u00e3o.<\/p>\n<p>O que nos fez t\u00e3o sozinhos? Quem nos cortou as asas?<!--more--><\/p>\n<p>Somos filhos da multid\u00e3o e tentamos descobrir quem somos.<\/p>\n<p>Tentamos:<\/p>\n<p>Dialogamos e namoramos pela internet. Sorrimos nas festas. Compartilhamos loucuras. Visitamos a fam\u00edlia nas f\u00e9rias ou no feriado. Mas n\u00e3o voamos. Nossos p\u00e9s n\u00e3o saem do ch\u00e3o, e nos angustiamos com uma vida alegre, mas miser\u00e1vel.<\/p>\n<p>P\u00e1ssaros que voam s\u00e3o belas met\u00e1foras para a vida em comunidade. Voam com o cheiro da liberdade, mas nunca sem duas asas. Em viagens longas, contam com imprescind\u00edveis companheiros, que lhe ajudam a enfrentar os ventos e a definir o norte.<\/p>\n<p>N\u00e3o h\u00e1 festa sem perd\u00e3o. N\u00e3o h\u00e1 saudade sem amor. N\u00e3o h\u00e1 f\u00e9 sem comunh\u00e3o. N\u00e3o h\u00e1 esperan\u00e7a sem gente com quem sonhar. N\u00e3o h\u00e1 liberdade sem o encontro com quem nos liberta do ego\u00edsmo. N\u00e3o enxergamos a realidade sem o olhar do outro sobre n\u00f3s mesmos.<\/p>\n<p>N\u00e3o h\u00e1 criatura sem o Criador. Do contr\u00e1rio, somos apenas seres idiotas, sozinhos e sem sentido que nasceram por acaso e que v\u00e3o morrer por acaso. E nunca aprenderemos a viver.<\/p>\n<p>Aprendamos a voar.<\/p>\n","protected":false},"excerpt":{"rendered":"<p>P\u00e1ssaro no ar. Voo altaneiro, asas em movimento. Incrivelmente sincronizado, belo. Outros p\u00e1ssaros se juntam e fazem do c\u00e9u uma grande jornada. Pessoas caminham e n\u00e3o se olham. Ou s\u00e3o apenas olhares de lasc\u00edvia para corpos bonitos. Ou s\u00e3o olhares miser\u00e1veis para si mesmos, enquanto enxergam superficialmente a multid\u00e3o. O que nos fez t\u00e3o sozinhos? [&hellip;]<\/p>\n","protected":false},"author":12,"featured_media":0,"comment_status":"open","ping_status":"open","sticky":false,"template":"","format":"standard","meta":{"ngg_post_thumbnail":0,"footnotes":""},"categories":[7654],"tags":[73,7603,15593],"class_list":["post-916","post","type-post","status-publish","format-standard","hentry","category-cronicas","tag-comunidade","tag-cronicas-do-cotidiano","tag-passaros"],"_links":{"self":[{"href":"https:\/\/ultimato.com.br\/sites\/fatosecorrelatos\/wp-json\/wp\/v2\/posts\/916","targetHints":{"allow":["GET"]}}],"collection":[{"href":"https:\/\/ultimato.com.br\/sites\/fatosecorrelatos\/wp-json\/wp\/v2\/posts"}],"about":[{"href":"https:\/\/ultimato.com.br\/sites\/fatosecorrelatos\/wp-json\/wp\/v2\/types\/post"}],"author":[{"embeddable":true,"href":"https:\/\/ultimato.com.br\/sites\/fatosecorrelatos\/wp-json\/wp\/v2\/users\/12"}],"replies":[{"embeddable":true,"href":"https:\/\/ultimato.com.br\/sites\/fatosecorrelatos\/wp-json\/wp\/v2\/comments?post=916"}],"version-history":[{"count":4,"href":"https:\/\/ultimato.com.br\/sites\/fatosecorrelatos\/wp-json\/wp\/v2\/posts\/916\/revisions"}],"predecessor-version":[{"id":921,"href":"https:\/\/ultimato.com.br\/sites\/fatosecorrelatos\/wp-json\/wp\/v2\/posts\/916\/revisions\/921"}],"wp:attachment":[{"href":"https:\/\/ultimato.com.br\/sites\/fatosecorrelatos\/wp-json\/wp\/v2\/media?parent=916"}],"wp:term":[{"taxonomy":"category","embeddable":true,"href":"https:\/\/ultimato.com.br\/sites\/fatosecorrelatos\/wp-json\/wp\/v2\/categories?post=916"},{"taxonomy":"post_tag","embeddable":true,"href":"https:\/\/ultimato.com.br\/sites\/fatosecorrelatos\/wp-json\/wp\/v2\/tags?post=916"}],"curies":[{"name":"wp","href":"https:\/\/api.w.org\/{rel}","templated":true}]}}