{"id":904,"date":"2012-10-05T21:08:31","date_gmt":"2012-10-06T00:08:31","guid":{"rendered":"http:\/\/ultimato.com.br\/sites\/fatosecorrelatos\/?p=904"},"modified":"2012-10-05T21:10:46","modified_gmt":"2012-10-06T00:10:46","slug":"roteiro-espiritual-para-quem-ama-sua-cidade","status":"publish","type":"post","link":"https:\/\/ultimato.com.br\/sites\/fatosecorrelatos\/2012\/10\/05\/roteiro-espiritual-para-quem-ama-sua-cidade\/","title":{"rendered":"Roteiro espiritual para quem ama sua cidade"},"content":{"rendered":"<p>Entregar nossa cidade nas m\u00e3os de Deus \u00e9 o m\u00ednimo que podemos fazer. Quem nos encoraja a fazer isto \u00e9 o pr\u00f3prio Jesus. Ele amava as cidades por onde passava ao ponto de realmente se envolver com elas. \u00c9 verdade que Jesus nunca foi vereador de Cafarnaum, por exemplo, mas nem por isso deixou de se preocupar e de olhar para as cidades com olhos de pastor.<\/p>\n<p>Para Jesus, as cidades n\u00e3o eram simplesmente estat\u00edsticas ou pontos marcados em um mapa. Eram, antes de tudo, pessoas (no plural mesmo) que viviam juntas, trabalhavam juntas, criavam suas fam\u00edlias juntas. Isso porque \u201ca cidade \u00e9 o ponto de encontro da vida p\u00fablica com a vida privada\u201d, como disse o editorial desta semana da revista \u00c9poca. As cidades somos n\u00f3s em uma din\u00e2mica coletiva de constru\u00e7\u00e3o de desejos e necessidades.<!--more--><\/p>\n<p>O relato de Mateus (9.35-28) nos informa que Jesus percorria as cidades e povoados anunciando e agindo em favor do reino de Deus. Enquanto fazia isso, ele revelava n\u00e3o somente o seu poder e a verdade do seu Evangelho, mas tamb\u00e9m a maneira como se relacionava com os ajuntamentos sociais. Destaco duas significativas posturas de Jesus diante das cidades:<\/p>\n<p><strong>1. S\u00f3 um Deus presente e engajado consegue enxergar os aflitos, desamparados e as \u201covelhas sem pastor\u201d<\/strong> (v. 36). Assim Jesus viu as multid\u00f5es em um realismo que combate a aliena\u00e7\u00e3o e o egocentrismo. S\u00f3 quem enxerga as dores dos outros consegue ter compaix\u00e3o.<\/p>\n<p><strong>2. S\u00f3 um Deus Senhor consegue ver o futuro com esperan\u00e7a<\/strong>. Para Jesus, as cidades eram lavouras frut\u00edferas, que de t\u00e3o frut\u00edferas n\u00e3o teriam gente suficiente para colher os frutos (v. 37). \u00c9 o que tamb\u00e9m diz, em outras palavras, o subsecret\u00e1rio-geral da ONU, Joan Clos: \u201cA cidade \u00e9 uma for\u00e7a vibrante e poderosa para o desenvolvimento\u201d.<\/p>\n<p>\u00c9 verdade, as injusti\u00e7as potencializadas nas cidades mega-urbanizadas n\u00e3o s\u00e3o prova definitiva de que devemos aposent\u00e1-las. Faz parte da trajet\u00f3ria humana a constru\u00e7\u00e3o de seu contexto social, respondendo e reagindo \u00e0 hist\u00f3ria. Para Jesus, as cidades n\u00e3o eram projetos falidos, mas sim lavouras frut\u00edferas \u00e0 espera de gente disposta a trabalhar em favor dela, com o poder do Esp\u00edrito Santo.<\/p>\n<div id=\"attachment_905\" style=\"width: 370px\" class=\"wp-caption aligncenter\"><a href=\"http:\/\/ultimato.com.br\/sites\/fatosecorrelatos\/files\/2012\/10\/favela.jpg\" class=\"lightview\" data-lightview-group=\"group-904\" data-lightview-options=\"skin: 'dark', controls: 'relative', padding: '10', shadow: { color: '#000000', opacity: 0.08, blur: 3 }\" data-lightview-title=\"favela\"><img loading=\"lazy\" decoding=\"async\" aria-describedby=\"caption-attachment-905\" class=\"size-full wp-image-905 \" title=\"favela\" src=\"http:\/\/ultimato.com.br\/sites\/fatosecorrelatos\/files\/2012\/10\/favela.jpg\" alt=\"\" width=\"360\" height=\"239\" srcset=\"https:\/\/ultimato.com.br\/sites\/fatosecorrelatos\/files\/2012\/10\/favela.jpg 360w, https:\/\/ultimato.com.br\/sites\/fatosecorrelatos\/files\/2012\/10\/favela-300x199.jpg 300w, https:\/\/ultimato.com.br\/sites\/fatosecorrelatos\/files\/2012\/10\/favela-150x99.jpg 150w\" sizes=\"auto, (max-width: 360px) 100vw, 360px\" \/><\/a><p id=\"caption-attachment-905\" class=\"wp-caption-text\">CC BY-NC-ND 2.0 \/ Herv\u00e9 Photos &#8211; Cantagalo, RJ. Uma das favelas que fazem parte do estudo &#8220;Sociabilidades Subterr\u00e2neas&#8221; (UNESCO).<\/p><\/div>\n<p>Admirado com Jesus, penso nas li\u00e7\u00f5es que podemos aprender com isso:<\/p>\n<p><strong>&#8211; Devemos olhar para a nossa cida<\/strong><strong>de com uma \u201ccompaix\u00e3o engajada\u201d.<\/strong> N\u00e3o com compaix\u00e3o falsa e demag\u00f3gica. Devemos permitir com que nossos olhos enxerguem a realidade nua e crua. Mas aten\u00e7\u00e3o! N\u00e3o basta ficar impressionado; \u00e9 preciso permitir que esta realidade penetre o nosso cora\u00e7\u00e3o ao ponto de gerar compaix\u00e3o. Sim, isso tamb\u00e9m \u00e9 um exerc\u00edcio espiritual, que vai al\u00e9m da espiritualidade individualista t\u00e3o comum hoje em dia em nossas igrejas. Como olhamos para nossa cidade? Com desprezo e indiferen\u00e7a? Ou com amor?<\/p>\n<p><strong>&#8211; Devemos enxergar al\u00e9m dos nossos olhos, com esperan\u00e7a.<\/strong> Engajamento, compaix\u00e3o, esperan\u00e7a. Tudo isso \u00e9 o adubo para a ora\u00e7\u00e3o que surge: a ora\u00e7\u00e3o de que a igreja n\u00e3o seja apenas espectadora, mas sim trabalhadora por uma cidade que glorifique o nome de Deus. Uma cidade onde haja vida em abund\u00e2ncia, sa\u00fade e a presen\u00e7a do reino de Deus. Uma cidade sem o reino de Deus \u00e9 uma cidade desamparada, sem pastor.<\/p>\n<p>Que nosso voto neste domingo seja influenciado pelo padr\u00e3o espiritual de Jesus Cristo.<\/p>\n<p><em>Jesus ia passando por todas as cidades e povoados, ensinando nas sinagogas, pregando as boas novas do Reino e curando todas as enfermidades e doen\u00e7as. Ao ver as multid\u00f5es, teve compaix\u00e3o d<\/em><em>elas, porque estavam aflitas e desamparadas, como ovelhas sem pastor. Ent\u00e3o disse aos seus disc\u00edpulos: &#8220;A colheita \u00e9 grande, mas os trabalhadores s\u00e3o poucos. Pe\u00e7am, pois, ao Senhor da colheita que envie trabalhadores para a sua colheita&#8221;.<\/em> (Mt 9.35-38)<\/p>\n<p>&nbsp;<\/p>\n","protected":false},"excerpt":{"rendered":"<p>Entregar nossa cidade nas m\u00e3os de Deus \u00e9 o m\u00ednimo que podemos fazer. Quem nos encoraja a fazer isto \u00e9 o pr\u00f3prio Jesus. Ele amava as cidades por onde passava ao ponto de realmente se envolver com elas. \u00c9 verdade que Jesus nunca foi vereador de Cafarnaum, por exemplo, mas nem por isso deixou de [&hellip;]<\/p>\n","protected":false},"author":12,"featured_media":0,"comment_status":"open","ping_status":"open","sticky":false,"template":"","format":"standard","meta":{"ngg_post_thumbnail":0,"footnotes":""},"categories":[114],"tags":[15590,5479,147,26,80,5874],"class_list":["post-904","post","type-post","status-publish","format-standard","hentry","category-artigos","tag-cidades","tag-eleicoes","tag-jesus-cristo","tag-missao-integral","tag-missoes","tag-politica"],"_links":{"self":[{"href":"https:\/\/ultimato.com.br\/sites\/fatosecorrelatos\/wp-json\/wp\/v2\/posts\/904","targetHints":{"allow":["GET"]}}],"collection":[{"href":"https:\/\/ultimato.com.br\/sites\/fatosecorrelatos\/wp-json\/wp\/v2\/posts"}],"about":[{"href":"https:\/\/ultimato.com.br\/sites\/fatosecorrelatos\/wp-json\/wp\/v2\/types\/post"}],"author":[{"embeddable":true,"href":"https:\/\/ultimato.com.br\/sites\/fatosecorrelatos\/wp-json\/wp\/v2\/users\/12"}],"replies":[{"embeddable":true,"href":"https:\/\/ultimato.com.br\/sites\/fatosecorrelatos\/wp-json\/wp\/v2\/comments?post=904"}],"version-history":[{"count":6,"href":"https:\/\/ultimato.com.br\/sites\/fatosecorrelatos\/wp-json\/wp\/v2\/posts\/904\/revisions"}],"predecessor-version":[{"id":911,"href":"https:\/\/ultimato.com.br\/sites\/fatosecorrelatos\/wp-json\/wp\/v2\/posts\/904\/revisions\/911"}],"wp:attachment":[{"href":"https:\/\/ultimato.com.br\/sites\/fatosecorrelatos\/wp-json\/wp\/v2\/media?parent=904"}],"wp:term":[{"taxonomy":"category","embeddable":true,"href":"https:\/\/ultimato.com.br\/sites\/fatosecorrelatos\/wp-json\/wp\/v2\/categories?post=904"},{"taxonomy":"post_tag","embeddable":true,"href":"https:\/\/ultimato.com.br\/sites\/fatosecorrelatos\/wp-json\/wp\/v2\/tags?post=904"}],"curies":[{"name":"wp","href":"https:\/\/api.w.org\/{rel}","templated":true}]}}