{"id":894,"date":"2012-09-29T15:25:42","date_gmt":"2012-09-29T18:25:42","guid":{"rendered":"http:\/\/ultimato.com.br\/sites\/fatosecorrelatos\/?p=894"},"modified":"2012-09-29T15:28:39","modified_gmt":"2012-09-29T18:28:39","slug":"documentario-cacadores-da-alma","status":"publish","type":"post","link":"https:\/\/ultimato.com.br\/sites\/fatosecorrelatos\/2012\/09\/29\/documentario-cacadores-da-alma\/","title":{"rendered":"Document\u00e1rio &#8220;Ca\u00e7adores da Alma&#8221;"},"content":{"rendered":"<p><a href=\"http:\/\/ultimato.com.br\/sites\/fatosecorrelatos\/files\/2012\/09\/Foto5.jpg\" class=\"lightview\" data-lightview-group=\"group-894\" data-lightview-options=\"skin: 'dark', controls: 'relative', padding: '10', shadow: { color: '#000000', opacity: 0.08, blur: 3 }\" data-lightview-title=\"Foto5\"><img loading=\"lazy\" decoding=\"async\" class=\"alignright  wp-image-896\" title=\"Foto5\" src=\"http:\/\/ultimato.com.br\/sites\/fatosecorrelatos\/files\/2012\/09\/Foto5.jpg\" alt=\"\" width=\"281\" height=\"195\" srcset=\"https:\/\/ultimato.com.br\/sites\/fatosecorrelatos\/files\/2012\/09\/Foto5.jpg 468w, https:\/\/ultimato.com.br\/sites\/fatosecorrelatos\/files\/2012\/09\/Foto5-300x208.jpg 300w, https:\/\/ultimato.com.br\/sites\/fatosecorrelatos\/files\/2012\/09\/Foto5-150x104.jpg 150w\" sizes=\"auto, (max-width: 281px) 100vw, 281px\" \/><\/a>Na quarta-feira passada (dia 26.09.2012), eu assisti o primeiro epis\u00f3dio do \u00f3timo document\u00e1rio &#8220;Ca\u00e7adores da Alma&#8221;, de Silvio Tendler, na TV Cultura. Trata-se de depoimentos de fot\u00f3grafos famosos sobre a arte de fotografar. Recheado de lindas fotos, explica\u00e7\u00f5es po\u00e9ticas e existenciais, o document\u00e1rio capta a &#8220;alma&#8221; da fotografia:<!--more--><\/p>\n<blockquote><p>&#8220;Uma foto \u00e9 o segredo de um segredo. Quanto mais ela revela, menos voc\u00ea sabe&#8221;.<\/p>\n<p>&#8220;Atrav\u00e9s das imagens, percorremos territ\u00f3rios de dif\u00edcil acesso, viajamos no tempo, criamos intimidade onde nunca estivemos&#8221;<\/p><\/blockquote>\n<p>Eu que gosto muito deste tipo de express\u00e3o art\u00edstica, e sou um quase fot\u00f3grado frustrado, me deliciei com o filme.<\/p>\n<p>O primeiro epis\u00f3dio chama-se &#8220;Nas Trilhas da Natureza&#8221;, e destaca o trabalho de &#8220;fot\u00f3grafos da natureza&#8221;, como: Antonio Saggese, Araq\u00faem Alc\u00e2ntara, Christian Cravo; Cust\u00f3dio Coimbra, Evandro Teixeira, Izan Petterle, Ricardo Azoury e Robinson Roberto.<\/p>\n<p>As melhores frases s\u00e3o do renomado fot\u00f3grafo da natureza, Araqu\u00e9m Alc\u00e2ntara:<\/p>\n<blockquote><p>&#8220;A fun\u00e7\u00e3o do fot\u00f3grafo \u00e9 reconstruir o mundo. Transformar o banal em algo revelador&#8221;.<\/p>\n<p>&#8220;Todo fot\u00f3grafo de natureza tem um aspecto rid\u00edculo&#8221;.<\/p>\n<p>&#8220;A fotografia da natureza \u00e9 a espontaneidade na disciplina, e a disciplina na espontaneidade&#8221;.<\/p><\/blockquote>\n<p>Muito interessante tamb\u00e9m a proposta do fot\u00f3grafo\u00a0Robinson Roberto que fez imagens da areia da praia ap\u00f3s o banho das ondas, sem qualquer interfer\u00eancia f\u00edsica e tecnol\u00f3gica. Surgiram imagens impressionantes semelhantes a florestas e cora\u00e7\u00f5es com suas art\u00e9rias.<\/p>\n<p>Assista o document\u00e1rio que duraram de 27 minutos. Vale a pena!<\/p>\n<p><img src=\"https:\/\/ultimato.com.br\/sites\/fatosecorrelatos\/wp-content\/plugins\/lightview-plus\/img\/novideo.png\" width=\"300\" height=\"168\" alt=\"Video not available\" \/><br \/><\/p>\n","protected":false},"excerpt":{"rendered":"<p>Na quarta-feira passada (dia 26.09.2012), eu assisti o primeiro epis\u00f3dio do \u00f3timo document\u00e1rio &#8220;Ca\u00e7adores da Alma&#8221;, de Silvio Tendler, na TV Cultura. Trata-se de depoimentos de fot\u00f3grafos famosos sobre a arte de fotografar. Recheado de lindas fotos, explica\u00e7\u00f5es po\u00e9ticas e existenciais, o document\u00e1rio capta a &#8220;alma&#8221; da fotografia:<\/p>\n","protected":false},"author":12,"featured_media":0,"comment_status":"open","ping_status":"open","sticky":false,"template":"","format":"standard","meta":{"ngg_post_thumbnail":0,"footnotes":""},"categories":[115],"tags":[33,15587,11100,15588,5789,8948],"class_list":["post-894","post","type-post","status-publish","format-standard","hentry","category-videos","tag-arte","tag-documentario","tag-fotografia","tag-fotografos","tag-natureza","tag-videos-2"],"_links":{"self":[{"href":"https:\/\/ultimato.com.br\/sites\/fatosecorrelatos\/wp-json\/wp\/v2\/posts\/894","targetHints":{"allow":["GET"]}}],"collection":[{"href":"https:\/\/ultimato.com.br\/sites\/fatosecorrelatos\/wp-json\/wp\/v2\/posts"}],"about":[{"href":"https:\/\/ultimato.com.br\/sites\/fatosecorrelatos\/wp-json\/wp\/v2\/types\/post"}],"author":[{"embeddable":true,"href":"https:\/\/ultimato.com.br\/sites\/fatosecorrelatos\/wp-json\/wp\/v2\/users\/12"}],"replies":[{"embeddable":true,"href":"https:\/\/ultimato.com.br\/sites\/fatosecorrelatos\/wp-json\/wp\/v2\/comments?post=894"}],"version-history":[{"count":5,"href":"https:\/\/ultimato.com.br\/sites\/fatosecorrelatos\/wp-json\/wp\/v2\/posts\/894\/revisions"}],"predecessor-version":[{"id":900,"href":"https:\/\/ultimato.com.br\/sites\/fatosecorrelatos\/wp-json\/wp\/v2\/posts\/894\/revisions\/900"}],"wp:attachment":[{"href":"https:\/\/ultimato.com.br\/sites\/fatosecorrelatos\/wp-json\/wp\/v2\/media?parent=894"}],"wp:term":[{"taxonomy":"category","embeddable":true,"href":"https:\/\/ultimato.com.br\/sites\/fatosecorrelatos\/wp-json\/wp\/v2\/categories?post=894"},{"taxonomy":"post_tag","embeddable":true,"href":"https:\/\/ultimato.com.br\/sites\/fatosecorrelatos\/wp-json\/wp\/v2\/tags?post=894"}],"curies":[{"name":"wp","href":"https:\/\/api.w.org\/{rel}","templated":true}]}}