{"id":88,"date":"2007-11-24T15:37:00","date_gmt":"2007-11-24T18:37:00","guid":{"rendered":"http:\/\/ultimato.com.br\/sites\/fatosecorrelatos\/2007\/11\/24\/distantes\/"},"modified":"2010-09-24T17:25:32","modified_gmt":"2010-09-24T20:25:32","slug":"distantes","status":"publish","type":"post","link":"https:\/\/ultimato.com.br\/sites\/fatosecorrelatos\/2007\/11\/24\/distantes\/","title":{"rendered":"Distantes"},"content":{"rendered":"<div align=\"center\"><a href=\"http:\/\/bp2.blogger.com\/_oPpAxASUdJ8\/R0hv-EigleI\/AAAAAAAAACc\/lsbmayGUmNc\/s1600-h\/21112007olho_f_003.jpg\" class=\"lightview\" data-lightview-group=\"group-88\" data-lightview-options=\"skin: 'dark', controls: 'relative', padding: '10', shadow: { color: '#000000', opacity: 0.08, blur: 3 }\"><img decoding=\"async\" style=\"margin: 0px auto 10px;text-align: center\" alt=\"\" src=\"http:\/\/bp2.blogger.com\/_oPpAxASUdJ8\/R0hv-EigleI\/AAAAAAAAACc\/lsbmayGUmNc\/s320\/21112007olho_f_003.jpg\" border=\"0\" \/><\/a><\/p>\n<div align=\"center\">Estreiteza de mim. Largueza dele.<br \/>O que penso cabe em uma caixa de f\u00f3sforos;<br \/>O que ele pensa \u00e9 al\u00e9m do horizonte, da vida.<\/p>\n<p>Fei\u00fara minha. Beleza dele.<br \/>O que mostro \u00e9 conveniente, parcial.<br \/>O que ele mostra \u00e9 luz total, \u00eaxtase do Belo.<\/p>\n<p>Hipocrisia minha. Verdade dele.<br \/>O que falo \u00e9 som vazio fruto de limita\u00e7\u00f5es.<br \/>O que ele fala \u00e9 vento forte, caminho \u00e0 transpar\u00eancia.<\/p>\n<p>Tudo o que sou \u00e9 pequeno diante dele.<br \/>Tudo o que fa\u00e7o \u00e9 m\u00ednimo diante do que ele faz.<\/p>\n<p>Abismo tal! Intraspon\u00edvel ser\u00e1?<br \/>De minha parte sim, pois n\u00e3o sou mais do que existe.<br \/>Da parte dele n\u00e3o, pois em si reside o poder para pequeno ser.<\/p>\n<p>De alguma forma, somos distantes para que eu reconhe\u00e7a saudades dele.<\/p><\/div>\n<p>Eu preciso dele. Desde o come\u00e7o.<br \/>\u00c9 inexplic\u00e1vel, mas \u00e9 verdade.<\/div>\n","protected":false},"excerpt":{"rendered":"<p>Estreiteza de mim. Largueza dele.O que penso cabe em uma caixa de f\u00f3sforos;O que ele pensa \u00e9 al\u00e9m do horizonte, da vida. Fei\u00fara minha. Beleza dele.O que mostro \u00e9 conveniente, parcial.O que ele mostra \u00e9 luz total, \u00eaxtase do Belo. Hipocrisia minha. Verdade dele.O que falo \u00e9 som vazio fruto de limita\u00e7\u00f5es.O que ele fala [&hellip;]<\/p>\n","protected":false},"author":12,"featured_media":0,"comment_status":"open","ping_status":"open","sticky":false,"template":"","format":"standard","meta":{"ngg_post_thumbnail":0,"footnotes":""},"categories":[7655],"tags":[160],"class_list":["post-88","post","type-post","status-publish","format-standard","hentry","category-poesias","tag-poesia"],"_links":{"self":[{"href":"https:\/\/ultimato.com.br\/sites\/fatosecorrelatos\/wp-json\/wp\/v2\/posts\/88","targetHints":{"allow":["GET"]}}],"collection":[{"href":"https:\/\/ultimato.com.br\/sites\/fatosecorrelatos\/wp-json\/wp\/v2\/posts"}],"about":[{"href":"https:\/\/ultimato.com.br\/sites\/fatosecorrelatos\/wp-json\/wp\/v2\/types\/post"}],"author":[{"embeddable":true,"href":"https:\/\/ultimato.com.br\/sites\/fatosecorrelatos\/wp-json\/wp\/v2\/users\/12"}],"replies":[{"embeddable":true,"href":"https:\/\/ultimato.com.br\/sites\/fatosecorrelatos\/wp-json\/wp\/v2\/comments?post=88"}],"version-history":[{"count":1,"href":"https:\/\/ultimato.com.br\/sites\/fatosecorrelatos\/wp-json\/wp\/v2\/posts\/88\/revisions"}],"predecessor-version":[{"id":227,"href":"https:\/\/ultimato.com.br\/sites\/fatosecorrelatos\/wp-json\/wp\/v2\/posts\/88\/revisions\/227"}],"wp:attachment":[{"href":"https:\/\/ultimato.com.br\/sites\/fatosecorrelatos\/wp-json\/wp\/v2\/media?parent=88"}],"wp:term":[{"taxonomy":"category","embeddable":true,"href":"https:\/\/ultimato.com.br\/sites\/fatosecorrelatos\/wp-json\/wp\/v2\/categories?post=88"},{"taxonomy":"post_tag","embeddable":true,"href":"https:\/\/ultimato.com.br\/sites\/fatosecorrelatos\/wp-json\/wp\/v2\/tags?post=88"}],"curies":[{"name":"wp","href":"https:\/\/api.w.org\/{rel}","templated":true}]}}