{"id":87,"date":"2007-11-18T13:26:00","date_gmt":"2007-11-18T16:26:00","guid":{"rendered":"http:\/\/ultimato.com.br\/sites\/fatosecorrelatos\/2007\/11\/18\/vida-e-tempo\/"},"modified":"2010-09-25T19:00:15","modified_gmt":"2010-09-25T22:00:15","slug":"vida-e-tempo","status":"publish","type":"post","link":"https:\/\/ultimato.com.br\/sites\/fatosecorrelatos\/2007\/11\/18\/vida-e-tempo\/","title":{"rendered":"Vida e Tempo"},"content":{"rendered":"<p><a href=\"http:\/\/bp3.blogger.com\/_oPpAxASUdJ8\/R0BsvUigldI\/AAAAAAAAACU\/VKhLtGGoAWY\/s1600-h\/deco-relogio.jpg\" class=\"lightview\" data-lightview-group=\"group-87\" data-lightview-options=\"skin: 'dark', controls: 'relative', padding: '10', shadow: { color: '#000000', opacity: 0.08, blur: 3 }\"><img loading=\"lazy\" decoding=\"async\" style=\"margin: 0px 0px 10px 10px;float: right\" alt=\"\" src=\"http:\/\/bp3.blogger.com\/_oPpAxASUdJ8\/R0BsvUigldI\/AAAAAAAAACU\/VKhLtGGoAWY\/s320\/deco-relogio.jpg\" width=\"249\" border=\"0\" height=\"229\" \/><\/a><\/p>\n<div>No sil\u00eancio da tarde de domingo, penso na vida. Penso na maneira como vejo os outros. Penso no tempo que n\u00e3o \u00e9 contado pelos ponteiros de um rel\u00f3gio.<\/p>\n<p>O tempo, na verdade, \u00e9 desconhecido. Pensamos que o conhecemos porque criamos uma f\u00f3rmula matem\u00e1tica para medi-lo. Mas o tempo \u00e9 um h\u00e1bil fugitivo. Num momento gozamos de sua companhia. De repente, ele j\u00e1 n\u00e3o est\u00e1 aqui.<\/p>\n<p>H\u00e1 uma l\u00f3gica sobre o tempo sobre a qual poucos pensam. O verdadeiro tempo est\u00e1 no ritmo da vida e n\u00e3o nos ponteiros. Quando devo falar e quando devo ficar em sil\u00eancio? Quando devo chorar e quando devo me alegrar? Quando devo estender a m\u00e3o? Quando devo parar e olhar para tr\u00e1s? Quando devo seguir a decis\u00e3o de caminhar e caminhar? O olhar da m\u00e3e tem seu tempo pr\u00f3prio, que n\u00e3o d\u00e1 para explicar. O sorriso do amigo tamb\u00e9m.<\/p>\n<p>A vida \u00e9 companheira do tempo. Eles andam juntos, mudando constantemente os passos e rindo de n\u00f3s por isso. N\u00f3s, seres humanos, somos geralmente enganados por estes dois porque achamos que os conhecemos. Meu medo \u00e9 que a gente perceba tarde demais que o tempo e a vida j\u00e1 se foram, e nunca mais voltar\u00e3o.<\/p><\/div>\n","protected":false},"excerpt":{"rendered":"<p>No sil\u00eancio da tarde de domingo, penso na vida. Penso na maneira como vejo os outros. Penso no tempo que n\u00e3o \u00e9 contado pelos ponteiros de um rel\u00f3gio. O tempo, na verdade, \u00e9 desconhecido. Pensamos que o conhecemos porque criamos uma f\u00f3rmula matem\u00e1tica para medi-lo. Mas o tempo \u00e9 um h\u00e1bil fugitivo. Num momento gozamos [&hellip;]<\/p>\n","protected":false},"author":12,"featured_media":0,"comment_status":"open","ping_status":"open","sticky":false,"template":"","format":"standard","meta":{"ngg_post_thumbnail":0,"footnotes":""},"categories":[114],"tags":[6048],"class_list":["post-87","post","type-post","status-publish","format-standard","hentry","category-artigos","tag-tempo"],"_links":{"self":[{"href":"https:\/\/ultimato.com.br\/sites\/fatosecorrelatos\/wp-json\/wp\/v2\/posts\/87","targetHints":{"allow":["GET"]}}],"collection":[{"href":"https:\/\/ultimato.com.br\/sites\/fatosecorrelatos\/wp-json\/wp\/v2\/posts"}],"about":[{"href":"https:\/\/ultimato.com.br\/sites\/fatosecorrelatos\/wp-json\/wp\/v2\/types\/post"}],"author":[{"embeddable":true,"href":"https:\/\/ultimato.com.br\/sites\/fatosecorrelatos\/wp-json\/wp\/v2\/users\/12"}],"replies":[{"embeddable":true,"href":"https:\/\/ultimato.com.br\/sites\/fatosecorrelatos\/wp-json\/wp\/v2\/comments?post=87"}],"version-history":[{"count":1,"href":"https:\/\/ultimato.com.br\/sites\/fatosecorrelatos\/wp-json\/wp\/v2\/posts\/87\/revisions"}],"predecessor-version":[{"id":294,"href":"https:\/\/ultimato.com.br\/sites\/fatosecorrelatos\/wp-json\/wp\/v2\/posts\/87\/revisions\/294"}],"wp:attachment":[{"href":"https:\/\/ultimato.com.br\/sites\/fatosecorrelatos\/wp-json\/wp\/v2\/media?parent=87"}],"wp:term":[{"taxonomy":"category","embeddable":true,"href":"https:\/\/ultimato.com.br\/sites\/fatosecorrelatos\/wp-json\/wp\/v2\/categories?post=87"},{"taxonomy":"post_tag","embeddable":true,"href":"https:\/\/ultimato.com.br\/sites\/fatosecorrelatos\/wp-json\/wp\/v2\/tags?post=87"}],"curies":[{"name":"wp","href":"https:\/\/api.w.org\/{rel}","templated":true}]}}