{"id":868,"date":"2012-07-26T22:50:01","date_gmt":"2012-07-27T01:50:01","guid":{"rendered":"http:\/\/ultimato.com.br\/sites\/fatosecorrelatos\/?p=868"},"modified":"2012-07-31T07:31:44","modified_gmt":"2012-07-31T10:31:44","slug":"cronica-parafraseada-de-uma-siria-em-guerra","status":"publish","type":"post","link":"https:\/\/ultimato.com.br\/sites\/fatosecorrelatos\/2012\/07\/26\/cronica-parafraseada-de-uma-siria-em-guerra\/","title":{"rendered":"Cr\u00f4nica parafraseada de uma S\u00edria em guerra"},"content":{"rendered":"<div id=\"attachment_869\" style=\"width: 314px\" class=\"wp-caption alignright\"><a href=\"http:\/\/ultimato.com.br\/sites\/fatosecorrelatos\/files\/2012\/07\/120722204455_damascus304.jpg\" class=\"lightview\" data-lightview-group=\"group-868\" data-lightview-options=\"skin: 'dark', controls: 'relative', padding: '10', shadow: { color: '#000000', opacity: 0.08, blur: 3 }\" data-lightview-title=\"120722204455_damascus304\"><img loading=\"lazy\" decoding=\"async\" aria-describedby=\"caption-attachment-869\" class=\"size-full wp-image-869\" title=\"120722204455_damascus304\" src=\"http:\/\/ultimato.com.br\/sites\/fatosecorrelatos\/files\/2012\/07\/120722204455_damascus304.jpg\" alt=\"\" width=\"304\" height=\"171\" srcset=\"https:\/\/ultimato.com.br\/sites\/fatosecorrelatos\/files\/2012\/07\/120722204455_damascus304.jpg 304w, https:\/\/ultimato.com.br\/sites\/fatosecorrelatos\/files\/2012\/07\/120722204455_damascus304-300x168.jpg 300w, https:\/\/ultimato.com.br\/sites\/fatosecorrelatos\/files\/2012\/07\/120722204455_damascus304-150x84.jpg 150w\" sizes=\"auto, (max-width: 304px) 100vw, 304px\" \/><\/a><p id=\"caption-attachment-869\" class=\"wp-caption-text\">Destrui\u00e7\u00e3o na capital Damasco<\/p><\/div>\n<p>Ela abre os olhos. N\u00e3o fosse o cheiro horr\u00edvel de morte, o sil\u00eancio seria at\u00e9 agrad\u00e1vel; mas o olfato a lembra que n\u00e3o h\u00e1 paz &#8211; nem pessoas, vizinhos, crian\u00e7as. A tr\u00e9gua na manh\u00e3zinha n\u00e3o traz esperan\u00e7a. T\u00e3o somente lhe permite descansar o corpo, mas n\u00e3o a mente. As lembran\u00e7as da noite anterior ainda produzem sobressaltos. Bombas, casas caindo e soldados gritando.<\/p>\n<p>Levanta-se, bebe o pouco da \u00e1gua que restou do copo ao lado da cama. J\u00e1 n\u00e3o \u00e9 t\u00e3o limpa nem farta como antes. Sempre um gosto amargo misturado com H2O.<\/p>\n<p>Abre a geladeira, e s\u00f3 encontra comida enlatada e congelada. E mesmo n\u00e3o t\u00e3o congelada assim, j\u00e1 que os cortes di\u00e1rios de eletricidade derretem as camadas de gelo.<\/p>\n<p>Os sobrinhos ainda dormem, e ela tenta orar. N\u00e3o consegue. A mente desconcentra-se facilmente. Em uma prece fragmentada pede a Deus descanso e tr\u00e9gua. E faz a ora\u00e7\u00e3o sem pensar muito. N\u00e3o precisa; \u00e9 a mesma ora\u00e7\u00e3o das \u00faltimas semanas.<\/p>\n<p>Ela n\u00e3o quer sair de casa. N\u00e3o \u00e9 teimosia, \u00e9 falta de op\u00e7\u00e3o. \u201cPara onde ir?\u201d, pergunta, com uma voz desesperan\u00e7osa. Est\u00e1 t\u00e3o confusa que n\u00e3o consegue imaginar sa\u00eddas.<\/p>\n<p>Nem a piedade de enterrar os mortos o governo permite. Cad\u00e1veres est\u00e3o espalhados pelas ruas. As for\u00e7as de Assad impediram de sepultar ou mesmo remover os restos mortais. Ou seja, mesmo viva, ela n\u00e3o tem como fugir da morte escancarada diante de seus olhos. N\u00e3o \u00e9 f\u00e1cil acreditar na vida quando a realidade grita o contr\u00e1rio.<\/p>\n<p>Se n\u00e3o podem sepultar os mortos, os sobreviventes tentam ao menos ajudar a curar as feridas dos machucados. N\u00e3o podem lev\u00e1-los aos hospitais da cidade, j\u00e1 que h\u00e1 um medo generalizado de que o governo prenda os feridos como se fossem prisioneiros de guerra. Resta improvisar atendimento nos campos. N\u00e3o bastasse a precariedade do atendimento, n\u00e3o h\u00e1 medicamentos suficientes.<\/p>\n<p>Rebeca, de 32 anos, \u00e9 trabalhadora aut\u00f4noma. Ou melhor, era. Agora j\u00e1 n\u00e3o sabe mais o que \u00e9 e o que faz em sua cidade Damasco, capital da S\u00edria.<\/p>\n<p>____________<\/p>\n<p><em>Cr\u00f4nica parafraseada do depoimento de uma moradora da capital da S\u00edria (identificada apenas pela letra \u201cR\u201d) ao jornal <a href=\"http:\/\/www1.folha.uol.com.br\/mundo\/\" target=\"_blank\">Folha de S\u00e3o Paulo<\/a>, de quarta-feira, dia 25. A S\u00edria est\u00e1 em revolta h\u00e1 16 meses contra a ditadura de Bashar Assad. Nos \u00faltimos dias, o confronto contra os rebeldes se acirrou e as mortes aumentaram.<\/em><\/p>\n<p>&nbsp;<\/p>\n<p>&nbsp;<\/p>\n<p>&nbsp;<\/p>\n","protected":false},"excerpt":{"rendered":"<p>Ela abre os olhos. N\u00e3o fosse o cheiro horr\u00edvel de morte, o sil\u00eancio seria at\u00e9 agrad\u00e1vel; mas o olfato a lembra que n\u00e3o h\u00e1 paz &#8211; nem pessoas, vizinhos, crian\u00e7as. A tr\u00e9gua na manh\u00e3zinha n\u00e3o traz esperan\u00e7a. T\u00e3o somente lhe permite descansar o corpo, mas n\u00e3o a mente. As lembran\u00e7as da noite anterior ainda produzem [&hellip;]<\/p>\n","protected":false},"author":12,"featured_media":0,"comment_status":"open","ping_status":"open","sticky":false,"template":"","format":"standard","meta":{"ngg_post_thumbnail":0,"footnotes":""},"categories":[7654],"tags":[7603,5598,6019],"class_list":["post-868","post","type-post","status-publish","format-standard","hentry","category-cronicas","tag-cronicas-do-cotidiano","tag-guerra","tag-sofrimento"],"_links":{"self":[{"href":"https:\/\/ultimato.com.br\/sites\/fatosecorrelatos\/wp-json\/wp\/v2\/posts\/868","targetHints":{"allow":["GET"]}}],"collection":[{"href":"https:\/\/ultimato.com.br\/sites\/fatosecorrelatos\/wp-json\/wp\/v2\/posts"}],"about":[{"href":"https:\/\/ultimato.com.br\/sites\/fatosecorrelatos\/wp-json\/wp\/v2\/types\/post"}],"author":[{"embeddable":true,"href":"https:\/\/ultimato.com.br\/sites\/fatosecorrelatos\/wp-json\/wp\/v2\/users\/12"}],"replies":[{"embeddable":true,"href":"https:\/\/ultimato.com.br\/sites\/fatosecorrelatos\/wp-json\/wp\/v2\/comments?post=868"}],"version-history":[{"count":3,"href":"https:\/\/ultimato.com.br\/sites\/fatosecorrelatos\/wp-json\/wp\/v2\/posts\/868\/revisions"}],"predecessor-version":[{"id":878,"href":"https:\/\/ultimato.com.br\/sites\/fatosecorrelatos\/wp-json\/wp\/v2\/posts\/868\/revisions\/878"}],"wp:attachment":[{"href":"https:\/\/ultimato.com.br\/sites\/fatosecorrelatos\/wp-json\/wp\/v2\/media?parent=868"}],"wp:term":[{"taxonomy":"category","embeddable":true,"href":"https:\/\/ultimato.com.br\/sites\/fatosecorrelatos\/wp-json\/wp\/v2\/categories?post=868"},{"taxonomy":"post_tag","embeddable":true,"href":"https:\/\/ultimato.com.br\/sites\/fatosecorrelatos\/wp-json\/wp\/v2\/tags?post=868"}],"curies":[{"name":"wp","href":"https:\/\/api.w.org\/{rel}","templated":true}]}}