{"id":858,"date":"2012-04-16T16:39:34","date_gmt":"2012-04-16T19:39:34","guid":{"rendered":"http:\/\/ultimato.com.br\/sites\/fatosecorrelatos\/?p=858"},"modified":"2012-04-16T16:39:34","modified_gmt":"2012-04-16T19:39:34","slug":"um-novo-homem","status":"publish","type":"post","link":"https:\/\/ultimato.com.br\/sites\/fatosecorrelatos\/2012\/04\/16\/um-novo-homem\/","title":{"rendered":"Um novo homem"},"content":{"rendered":"<p>J\u00e1 n\u00e3o aguentava mais aquela velha maneira de viver, uma vida cheia de opini\u00f5es, mas com poucas convic\u00e7\u00f5es. Eu vivia uma ignor\u00e2ncia disfar\u00e7ada de intelectualidade. Uma vida que abandonou a Deus e que, por isso, foi endurecendo o cora\u00e7\u00e3o e perdendo a sensibilidade para o que \u00e9 digno e puro. Viver assim \u00e9 ser ref\u00e9m dos pr\u00f3prios desejos. Eles nos alimentam com corrup\u00e7\u00e3o, mas n\u00e3o satisfazem nosso vazio.<\/p>\n<p>Mas o que aprendi \u00e9 completamente novo e verdadeiro. Deus veio ao mundo para me oferecer uma nova maneira de viver; de fato, o novo jeito de ser humano. Um novo rumo, uma nova mente, um novo padr\u00e3o de exist\u00eancia. \u00c9 como se, de repente, eu recebesse roupas novas, mais bonitas, mais dignas. Sem duvidar, logo joguei fora minhas roupas velhas e sujas, e vesti as novas e limpas. N\u00e3o sei exatamente como isso aconteceu, mas tenho em meu cora\u00e7\u00e3o uma certeza de que agora estou no caminho da justi\u00e7a e da santidade provenientes da verdade. Me sinto totalmente renovado.<\/p>\n<p>Mesmo que eu me veja uma outra pessoa por dentro, sei que ainda tenho um grande desafio: ser uma nova pessoa por fora, ou seja, na maneira como eu me relaciono com os outros. Se antes meu m\u00e9todo preferido era a mentira, agora sei que n\u00e3o posso mais mentir, pois, de alguma forma, o meu pr\u00f3ximo faz parte de mim. A mesma certeza se refere a outros h\u00e1bitos que pareciam normais, inocentes, sem problemas. J\u00e1 n\u00e3o parecem inofensivos. Sinto-me bastante incomodado quando deixo a raiva tomar conta de mim, quando quero passar a perna nos outros e at\u00e9 mesmo quando em meu trabalho sou movido pela gan\u00e2ncia. Se antes eu falava o que viesse em minha mente, agora penso duas vezes antes de expressar as bobagens que penso.<\/p>\n<p>N\u00e3o quero entristecer o Deus que \u2013 tenho certeza &#8211; agora habita em mim. Nasceu uma rela\u00e7\u00e3o de cumplicidade entre n\u00f3s que, misteriosamente, me impede de seguir em frente com os meus erros. No lugar de amargura, indigna\u00e7\u00e3o e ira, gritaria e cal\u00fania, o que brota em mim \u00e9 uma imensa vontade de fazer o bem, de amar e perdoar os outros, assim como sinto o perd\u00e3o de Deus como nunca senti.<\/p>\n<p>Hoje sou um novo homem.<\/p>\n<p><strong><em>(Par\u00e1frase de Ef\u00e9sios 4.17-32)<\/em><\/strong><\/p>\n<p>&nbsp;<\/p>\n","protected":false},"excerpt":{"rendered":"<p>J\u00e1 n\u00e3o aguentava mais aquela velha maneira de viver, uma vida cheia de opini\u00f5es, mas com poucas convic\u00e7\u00f5es. Eu vivia uma ignor\u00e2ncia disfar\u00e7ada de intelectualidade. Uma vida que abandonou a Deus e que, por isso, foi endurecendo o cora\u00e7\u00e3o e perdendo a sensibilidade para o que \u00e9 digno e puro. Viver assim \u00e9 ser ref\u00e9m [&hellip;]<\/p>\n","protected":false},"author":12,"featured_media":0,"comment_status":"open","ping_status":"open","sticky":false,"template":"","format":"standard","meta":{"ngg_post_thumbnail":0,"footnotes":""},"categories":[7654,7656],"tags":[5444,10417,7601,147,7616],"class_list":["post-858","post","type-post","status-publish","format-standard","hentry","category-cronicas","category-outras-vozes","tag-deus","tag-efesios","tag-humanidade","tag-jesus-cristo","tag-parafrases"],"_links":{"self":[{"href":"https:\/\/ultimato.com.br\/sites\/fatosecorrelatos\/wp-json\/wp\/v2\/posts\/858","targetHints":{"allow":["GET"]}}],"collection":[{"href":"https:\/\/ultimato.com.br\/sites\/fatosecorrelatos\/wp-json\/wp\/v2\/posts"}],"about":[{"href":"https:\/\/ultimato.com.br\/sites\/fatosecorrelatos\/wp-json\/wp\/v2\/types\/post"}],"author":[{"embeddable":true,"href":"https:\/\/ultimato.com.br\/sites\/fatosecorrelatos\/wp-json\/wp\/v2\/users\/12"}],"replies":[{"embeddable":true,"href":"https:\/\/ultimato.com.br\/sites\/fatosecorrelatos\/wp-json\/wp\/v2\/comments?post=858"}],"version-history":[{"count":2,"href":"https:\/\/ultimato.com.br\/sites\/fatosecorrelatos\/wp-json\/wp\/v2\/posts\/858\/revisions"}],"predecessor-version":[{"id":860,"href":"https:\/\/ultimato.com.br\/sites\/fatosecorrelatos\/wp-json\/wp\/v2\/posts\/858\/revisions\/860"}],"wp:attachment":[{"href":"https:\/\/ultimato.com.br\/sites\/fatosecorrelatos\/wp-json\/wp\/v2\/media?parent=858"}],"wp:term":[{"taxonomy":"category","embeddable":true,"href":"https:\/\/ultimato.com.br\/sites\/fatosecorrelatos\/wp-json\/wp\/v2\/categories?post=858"},{"taxonomy":"post_tag","embeddable":true,"href":"https:\/\/ultimato.com.br\/sites\/fatosecorrelatos\/wp-json\/wp\/v2\/tags?post=858"}],"curies":[{"name":"wp","href":"https:\/\/api.w.org\/{rel}","templated":true}]}}