{"id":83,"date":"2007-10-22T06:11:00","date_gmt":"2007-10-22T09:11:00","guid":{"rendered":"http:\/\/ultimato.com.br\/sites\/fatosecorrelatos\/2007\/10\/22\/incredulidade-e-credulidade\/"},"modified":"2010-09-25T19:00:51","modified_gmt":"2010-09-25T22:00:51","slug":"incredulidade-e-credulidade","status":"publish","type":"post","link":"https:\/\/ultimato.com.br\/sites\/fatosecorrelatos\/2007\/10\/22\/incredulidade-e-credulidade\/","title":{"rendered":"Incredulidade e credulidade"},"content":{"rendered":"<p>Caminhei ontem por ruas empoeiradas e casas ainda em constru\u00e7\u00e3o. Conversei com pessoas sobre a vida, sobre a B\u00edblia e sobre Deus. Mentes que passam ao largo dos assuntos pautados pela Academia, como p\u00f3s-modernidade, relativismo, etc. Os temas que elas denunciam s\u00e3o: hipocrisia, manipula\u00e7\u00e3o religiosa, v\u00edcios etc.<\/p>\n<p>No fundo de cada conversa, uma incredulidade est\u00e1 misturada com credulidade (se \u00e9 que isso \u00e9 poss\u00edvel!). \u00c9 o que posso pensar agora.<\/p>\n<p>A incredulidade torna-os distantes da B\u00edblia em seu estudo s\u00e9rio, torna a experi\u00eancia espiritual uma piada em suas manifesta\u00e7\u00f5es religiosas. Mas, ao mesmo tempo, uma credulidade que permite o di\u00e1logo franco, aberto, alegre. Permite a ora\u00e7\u00e3o sincera de quem est\u00e1 sofrendo. Permite a curiosidade pelo que diz a B\u00edblia, mesmo sendo t\u00e3o dif\u00edcil entender sua linguagem.<\/p>\n<p>Talvez, neste caso, a falta de f\u00e9 e a f\u00e9 se juntam porque na verdade, eles creem em Deus, mas descreem na Igreja.<\/p>\n<p>Como entender isso? Que respostas devo dar? Qual deve ser o meu discurso?<\/p>\n<p>Quest\u00f5es que fogem dos limites da academia e est\u00e3o l\u00e1&#8230; na mente e no cora\u00e7\u00e3o do povo.<\/p>\n","protected":false},"excerpt":{"rendered":"<p>Caminhei ontem por ruas empoeiradas e casas ainda em constru\u00e7\u00e3o. Conversei com pessoas sobre a vida, sobre a B\u00edblia e sobre Deus. Mentes que passam ao largo dos assuntos pautados pela Academia, como p\u00f3s-modernidade, relativismo, etc. Os temas que elas denunciam s\u00e3o: hipocrisia, manipula\u00e7\u00e3o religiosa, v\u00edcios etc. No fundo de cada conversa, uma incredulidade est\u00e1 [&hellip;]<\/p>\n","protected":false},"author":12,"featured_media":0,"comment_status":"open","ping_status":"open","sticky":false,"template":"","format":"standard","meta":{"ngg_post_thumbnail":0,"footnotes":""},"categories":[7654],"tags":[7603],"class_list":["post-83","post","type-post","status-publish","format-standard","hentry","category-cronicas","tag-cronicas-do-cotidiano"],"_links":{"self":[{"href":"https:\/\/ultimato.com.br\/sites\/fatosecorrelatos\/wp-json\/wp\/v2\/posts\/83","targetHints":{"allow":["GET"]}}],"collection":[{"href":"https:\/\/ultimato.com.br\/sites\/fatosecorrelatos\/wp-json\/wp\/v2\/posts"}],"about":[{"href":"https:\/\/ultimato.com.br\/sites\/fatosecorrelatos\/wp-json\/wp\/v2\/types\/post"}],"author":[{"embeddable":true,"href":"https:\/\/ultimato.com.br\/sites\/fatosecorrelatos\/wp-json\/wp\/v2\/users\/12"}],"replies":[{"embeddable":true,"href":"https:\/\/ultimato.com.br\/sites\/fatosecorrelatos\/wp-json\/wp\/v2\/comments?post=83"}],"version-history":[{"count":1,"href":"https:\/\/ultimato.com.br\/sites\/fatosecorrelatos\/wp-json\/wp\/v2\/posts\/83\/revisions"}],"predecessor-version":[{"id":297,"href":"https:\/\/ultimato.com.br\/sites\/fatosecorrelatos\/wp-json\/wp\/v2\/posts\/83\/revisions\/297"}],"wp:attachment":[{"href":"https:\/\/ultimato.com.br\/sites\/fatosecorrelatos\/wp-json\/wp\/v2\/media?parent=83"}],"wp:term":[{"taxonomy":"category","embeddable":true,"href":"https:\/\/ultimato.com.br\/sites\/fatosecorrelatos\/wp-json\/wp\/v2\/categories?post=83"},{"taxonomy":"post_tag","embeddable":true,"href":"https:\/\/ultimato.com.br\/sites\/fatosecorrelatos\/wp-json\/wp\/v2\/tags?post=83"}],"curies":[{"name":"wp","href":"https:\/\/api.w.org\/{rel}","templated":true}]}}