{"id":807,"date":"2012-01-23T16:33:32","date_gmt":"2012-01-23T19:33:32","guid":{"rendered":"http:\/\/ultimato.com.br\/sites\/fatosecorrelatos\/?p=807"},"modified":"2012-01-23T16:43:45","modified_gmt":"2012-01-23T19:43:45","slug":"terreno","status":"publish","type":"post","link":"https:\/\/ultimato.com.br\/sites\/fatosecorrelatos\/2012\/01\/23\/terreno\/","title":{"rendered":"Terreno"},"content":{"rendered":"<p>Busquei a sa\u00edda com a dedica\u00e7\u00e3o passional ao que cria. Chorei, orei, sorri, imaginei minha pr\u00f3pria vida preenchida transcendentalmente por emo\u00e7\u00f5es que me faltavam naquele tempo. No entanto, n\u00e3o evitei o fracasso. Ele que usualmente me frustrava, continuava presente. \u00c0s vezes, repentino; outras, lamentavelmente esperado.<\/p>\n<p>Busquei ent\u00e3o a sa\u00edda com a dedica\u00e7\u00e3o racional ao que cria. Exercitei minha mente, descobri capacidades pr\u00f3prias, sonhei com utopias desej\u00e1veis para o relacionamento humano. Agradei-me com o que aprendi, me vi mais conhecedor do que outros. Sabia, por\u00e9m, que mesmo sabendo, ainda me faltava muito a aprender. Descobri minhas pr\u00f3prias limita\u00e7\u00f5es intelectuais, mesmo crendo que a jornada estava em curso. No entanto, n\u00e3o evitei o fracasso. Ele voltou, e parecia apreciar minha companhia.<\/p>\n<p>Olhei para a vida, e vi um emaranhado de linhas formando e deformando. Vi ansiedades, pecados, ilus\u00f5es. Mas vi tamb\u00e9m realiza\u00e7\u00f5es, vit\u00f3rias pequenas e singelas, vi pessoas virtuosas, cheias de gra\u00e7a e miseric\u00f3rdia. O que vi se entrela\u00e7ava em minha mente, e me mostrava quem sou. O que sou \u00e9 uma fus\u00e3o do que \u00e9 existir. Entre o ideal e o real, caminho. Com perguntas, me fa\u00e7o agora. Com respostas, me satisfa\u00e7o agora.<\/p>\n<p>Meu esfor\u00e7o \u00e9 v\u00e1lido sim. N\u00e3o que seja v\u00e1lido para todos (alguns s\u00e3o indiferentes ao cora\u00e7\u00e3o humano), mas a luta que travo pode formar as pedras do caminho de quem anda na mesma dire\u00e7\u00e3o que eu.<\/p>\n<p>Olho ent\u00e3o para a Palavra do Pai, e me vejo pequeno, absurdamente pequeno diante do que ele espera de mim. Parece haver um grande hiato entre a vontade de Deus e a realidade humana. Talvez esse seja o segredo do mundo e, ao mesmo tempo, seu grande problema. Como olhar para Deus e nos ver? Como olhar para o ser humano e encontrar o Senhor?<\/p>\n<p>As letras inspiradas mostram como somos e como dever\u00edamos ser. Isso \u00e9 o que temos, nada mais. Ou n\u00e3o?<\/p>\n<p>Para a leitura moralista, temos uma \u00e9tica a ser seguida, e ela est\u00e1 nas m\u00e3os somente de quem realmente a busca. Os existencialistas dizem que o relato b\u00edblico \u00e9 a prova de que a humanidade est\u00e1, de fato, falida, sem sa\u00edda. (Talvez assim eu me sinta muitas vezes). \u00c9 assim? A vida \u00e9 assim realmente? Essa \u00e9 a resposta que Deus pode me dar? Esfor\u00e7o meramente humano ou cinismo realista?<\/p>\n<p>N\u00e3o. Minha f\u00e9 repousa na exist\u00eancia de Deus <em>na terra<\/em>. N\u00e3o apenas uma exist\u00eancia gerada pela certeza de humanos teimosamente religiosos. N\u00e3o. O que creio &#8211; por mais que seja desprovido de sofisticadas elabora\u00e7\u00f5es filos\u00f3ficas ou de confian\u00e7a incondicional no sobrenatural invis\u00edvel &#8211; est\u00e1 firmado na visita surpreendentemente pessoal do pr\u00f3prio Deus. \u00c9 ele que empresta sentido \u00e0 f\u00e9 genu\u00edna. \u00c9 ele que transforma o hiato incompreens\u00edvel em um feixe de luz que brilha diretamente nos olhos de quem o busca. O Deus<em> terreno<\/em> converte o tempo em um \u00fanico momento: n\u00e3o h\u00e1 passado, n\u00e3o h\u00e1 futuro, n\u00e3o h\u00e1 presente. H\u00e1 o encontro entre a divindade e a humanidade. Este \u00e9 o tempo, este \u00e9 o sentido da moralidade, esta \u00e9 a ponte entre o ideal e o real. Isto \u00e9 que d\u00e1 esperan\u00e7a aos que buscam o perd\u00e3o e a salva\u00e7\u00e3o para suas pr\u00f3prias exist\u00eancias vis e med\u00edocres.<\/p>\n<p>A sa\u00edda n\u00e3o est\u00e1 em mim, muito menos no que espero de outro. A sa\u00edda est\u00e1 na Pessoa que toca a humanidade, antes mesmo que esta seja redimida. Antes mesmo que haja qualquer era de felicidade ou de plenitude. A mis\u00e9ria humana \u00e9 o ch\u00e3o daquele que caminha pela hist\u00f3ria. Algo t\u00e3o inexplic\u00e1vel quanto o sopro que agora experimento.<\/p>\n<p>&nbsp;<\/p>\n<p><em>26 de julho de 2008, \u00e0s 22h06. Caet\u00e9, MG<\/em><\/p>\n","protected":false},"excerpt":{"rendered":"<p>Busquei a sa\u00edda com a dedica\u00e7\u00e3o passional ao que cria. Chorei, orei, sorri, imaginei minha pr\u00f3pria vida preenchida transcendentalmente por emo\u00e7\u00f5es que me faltavam naquele tempo. No entanto, n\u00e3o evitei o fracasso. Ele que usualmente me frustrava, continuava presente. \u00c0s vezes, repentino; outras, lamentavelmente esperado. Busquei ent\u00e3o a sa\u00edda com a dedica\u00e7\u00e3o racional ao que [&hellip;]<\/p>\n","protected":false},"author":12,"featured_media":0,"comment_status":"open","ping_status":"open","sticky":false,"template":"","format":"standard","meta":{"ngg_post_thumbnail":0,"footnotes":""},"categories":[114],"tags":[10407,10406],"class_list":["post-807","post","type-post","status-publish","format-standard","hentry","category-artigos","tag-confissoes","tag-desabafos"],"_links":{"self":[{"href":"https:\/\/ultimato.com.br\/sites\/fatosecorrelatos\/wp-json\/wp\/v2\/posts\/807","targetHints":{"allow":["GET"]}}],"collection":[{"href":"https:\/\/ultimato.com.br\/sites\/fatosecorrelatos\/wp-json\/wp\/v2\/posts"}],"about":[{"href":"https:\/\/ultimato.com.br\/sites\/fatosecorrelatos\/wp-json\/wp\/v2\/types\/post"}],"author":[{"embeddable":true,"href":"https:\/\/ultimato.com.br\/sites\/fatosecorrelatos\/wp-json\/wp\/v2\/users\/12"}],"replies":[{"embeddable":true,"href":"https:\/\/ultimato.com.br\/sites\/fatosecorrelatos\/wp-json\/wp\/v2\/comments?post=807"}],"version-history":[{"count":3,"href":"https:\/\/ultimato.com.br\/sites\/fatosecorrelatos\/wp-json\/wp\/v2\/posts\/807\/revisions"}],"predecessor-version":[{"id":810,"href":"https:\/\/ultimato.com.br\/sites\/fatosecorrelatos\/wp-json\/wp\/v2\/posts\/807\/revisions\/810"}],"wp:attachment":[{"href":"https:\/\/ultimato.com.br\/sites\/fatosecorrelatos\/wp-json\/wp\/v2\/media?parent=807"}],"wp:term":[{"taxonomy":"category","embeddable":true,"href":"https:\/\/ultimato.com.br\/sites\/fatosecorrelatos\/wp-json\/wp\/v2\/categories?post=807"},{"taxonomy":"post_tag","embeddable":true,"href":"https:\/\/ultimato.com.br\/sites\/fatosecorrelatos\/wp-json\/wp\/v2\/tags?post=807"}],"curies":[{"name":"wp","href":"https:\/\/api.w.org\/{rel}","templated":true}]}}