{"id":787,"date":"2011-12-27T08:01:42","date_gmt":"2011-12-27T11:01:42","guid":{"rendered":"http:\/\/ultimato.com.br\/sites\/fatosecorrelatos\/?p=787"},"modified":"2011-12-28T09:52:35","modified_gmt":"2011-12-28T12:52:35","slug":"os-alegres-caminhos-de-deus-nos-sofridos-descaminhos-da-vida","status":"publish","type":"post","link":"https:\/\/ultimato.com.br\/sites\/fatosecorrelatos\/2011\/12\/27\/os-alegres-caminhos-de-deus-nos-sofridos-descaminhos-da-vida\/","title":{"rendered":"Os alegres caminhos de Deus nos sofridos descaminhos da vida"},"content":{"rendered":"<h4><em><strong>Ou o que aprendi sobre o tempo em um albergue municipal<br \/>\n<\/strong><!--more--><br \/>\n<\/em><\/h4>\n<p><a href=\"http:\/\/ultimato.com.br\/sites\/fatosecorrelatos\/files\/2011\/12\/relogio_antigo.jpg\" class=\"lightview\" data-lightview-group=\"group-787\" data-lightview-options=\"skin: 'dark', controls: 'relative', padding: '10', shadow: { color: '#000000', opacity: 0.08, blur: 3 }\" data-lightview-title=\"relogio_antigo\"><img loading=\"lazy\" decoding=\"async\" class=\"alignright size-full wp-image-788\" title=\"relogio_antigo\" src=\"http:\/\/ultimato.com.br\/sites\/fatosecorrelatos\/files\/2011\/12\/relogio_antigo.jpg\" alt=\"\" width=\"230\" height=\"314\" srcset=\"https:\/\/ultimato.com.br\/sites\/fatosecorrelatos\/files\/2011\/12\/relogio_antigo.jpg 230w, https:\/\/ultimato.com.br\/sites\/fatosecorrelatos\/files\/2011\/12\/relogio_antigo-219x300.jpg 219w, https:\/\/ultimato.com.br\/sites\/fatosecorrelatos\/files\/2011\/12\/relogio_antigo-109x150.jpg 109w\" sizes=\"auto, (max-width: 230px) 100vw, 230px\" \/><\/a>Roda de cadeiras, todos sentados. N\u00e3o mais que dez; no fundo a pequena planta\u00e7\u00e3o de alface. Boas vindas, abra\u00e7os, sauda\u00e7\u00f5es. Fim de ano, desejo de parar e pensar no tempo. \u201cFalei com meu filho por telefone\u201d, diz Fida, a mais baixinha, com mania de piscar o olho direito. Jo\u00e3o agradece por ter sido acolhido pela assistente social e encaminhado ao albergue. Animado, gosta de falar frases de encorajamento. Cust\u00f3dio \u00e9 simples de racioc\u00ednio, mas ningu\u00e9m duvida de que o que ele deseja \u00e9 correto e justo. \u201cQue Deus ilumine os caminhos de todos\u201d. C\u00edntia, bondosa, parece que nesta altura da vida deseja a paz mais que tudo. Cansou de disc\u00f3rdia. Vem de F\u00e3o as respostas mais inteligentes, mas cabe a ele tamb\u00e9m os coment\u00e1rios mais bobos, \u00e0s vezes de esc\u00e1rnio.<\/p>\n<p>Longe de elucubra\u00e7\u00f5es filos\u00f3ficas sobre o tempo, ao olharem para o ano que finda, h\u00e1 um misto de incompreens\u00e3o e de descoberta. Eles incompreendem uma linha do come\u00e7o ao fim que possa ligar os fatos e dar (pelo menos) um pouco de sentido \u00e0 vida. Mas sabem reconhecer muito bem acontecimentos e circunst\u00e2ncias especiais, que lhes afetaram diretamente \u2013 mais para o bem do que para o mal.<\/p>\n<p>E agora que miram seus olhos para o ano que chega, s\u00e3o esperan\u00e7osos. Querem um trabalho digno, um \u201cbarraco\u201d, casar, reencontrar o filho, cura, ganhar na loteria, paz e alegria para todos&#8230;<\/p>\n<p>Para quem j\u00e1 fracassou tanto na vida &#8211; e de fato eles chegam ao fim dela &#8211; \u00e9 surpreendente esperar algo mais do que simplesmente sobreviver. Pois querem. E pelo menos neste momento de encontro e conversa, expressam o desejo (se falso ou n\u00e3o) de entender os alegres caminhos de Deus nos sofridos descaminhos da vida. Mesmo que porventura falso, n\u00e3o deixa de ser um desejo, um anseio por reconhecimento de que ele \u2013 at\u00e9 mesmo ele \u2013 pode ter pensamentos sublimes, bons.<\/p>\n<p>Este grupo de homens e mulheres, de meia idade, sem casa, abrigados no albergue municipal, que lutam contra v\u00edcios, feridas emocionais e pela sobreviv\u00eancia f\u00edsica, me ensina que o tempo n\u00e3o \u00e9 uma linha reta, f\u00e1cil de ser delimitada ou racionalizada. Ele \u00e9 v\u00edvido tanto quanto for minha maneira de encarar a vida, o momento da caminhada. Seja com as m\u00e3os cheias (de conhecimento, dinheiro, bens, fam\u00edlia, f\u00e9), seja com as m\u00e3os vazias (de reconhecimento, de gente que nos ama, de sucesso, de recursos materiais). Mais que isso, importa olhar na face (imagin\u00e1ria) do tempo e enxergar o rosto de Deus, o Senhor dos caminhos, ensinando-nos bondosamente a contar nossos dias para que alcancemos cora\u00e7\u00f5es s\u00e1bios (Sl 90.12).<\/p>\n<p>&nbsp;<\/p>\n<p><strong>Nota<br \/>\n<\/strong><em>Os nomes citados s\u00e3o fict\u00edcios.<\/em><\/p>\n<p>&nbsp;<\/p>\n","protected":false},"excerpt":{"rendered":"<p>Ou o que aprendi sobre o tempo em um albergue municipal<\/p>\n","protected":false},"author":12,"featured_media":0,"comment_status":"open","ping_status":"open","sticky":false,"template":"","format":"standard","meta":{"ngg_post_thumbnail":0,"footnotes":""},"categories":[7654],"tags":[7603,123,6048],"class_list":["post-787","post","type-post","status-publish","format-standard","hentry","category-cronicas","tag-cronicas-do-cotidiano","tag-pobreza","tag-tempo"],"_links":{"self":[{"href":"https:\/\/ultimato.com.br\/sites\/fatosecorrelatos\/wp-json\/wp\/v2\/posts\/787","targetHints":{"allow":["GET"]}}],"collection":[{"href":"https:\/\/ultimato.com.br\/sites\/fatosecorrelatos\/wp-json\/wp\/v2\/posts"}],"about":[{"href":"https:\/\/ultimato.com.br\/sites\/fatosecorrelatos\/wp-json\/wp\/v2\/types\/post"}],"author":[{"embeddable":true,"href":"https:\/\/ultimato.com.br\/sites\/fatosecorrelatos\/wp-json\/wp\/v2\/users\/12"}],"replies":[{"embeddable":true,"href":"https:\/\/ultimato.com.br\/sites\/fatosecorrelatos\/wp-json\/wp\/v2\/comments?post=787"}],"version-history":[{"count":13,"href":"https:\/\/ultimato.com.br\/sites\/fatosecorrelatos\/wp-json\/wp\/v2\/posts\/787\/revisions"}],"predecessor-version":[{"id":800,"href":"https:\/\/ultimato.com.br\/sites\/fatosecorrelatos\/wp-json\/wp\/v2\/posts\/787\/revisions\/800"}],"wp:attachment":[{"href":"https:\/\/ultimato.com.br\/sites\/fatosecorrelatos\/wp-json\/wp\/v2\/media?parent=787"}],"wp:term":[{"taxonomy":"category","embeddable":true,"href":"https:\/\/ultimato.com.br\/sites\/fatosecorrelatos\/wp-json\/wp\/v2\/categories?post=787"},{"taxonomy":"post_tag","embeddable":true,"href":"https:\/\/ultimato.com.br\/sites\/fatosecorrelatos\/wp-json\/wp\/v2\/tags?post=787"}],"curies":[{"name":"wp","href":"https:\/\/api.w.org\/{rel}","templated":true}]}}