{"id":779,"date":"2011-12-23T16:04:02","date_gmt":"2011-12-23T19:04:02","guid":{"rendered":"http:\/\/ultimato.com.br\/sites\/fatosecorrelatos\/?p=779"},"modified":"2011-12-23T16:06:47","modified_gmt":"2011-12-23T19:06:47","slug":"para-os-que-nao-celebram-o-natal","status":"publish","type":"post","link":"https:\/\/ultimato.com.br\/sites\/fatosecorrelatos\/2011\/12\/23\/para-os-que-nao-celebram-o-natal\/","title":{"rendered":"Para os que n\u00e3o celebram o Natal"},"content":{"rendered":"<p><a href=\"http:\/\/ultimato.com.br\/sites\/fatosecorrelatos\/files\/2011\/12\/natal.jpg\" class=\"lightview\" data-lightview-group=\"group-779\" data-lightview-options=\"skin: 'dark', controls: 'relative', padding: '10', shadow: { color: '#000000', opacity: 0.08, blur: 3 }\" data-lightview-title=\"natal\"><img loading=\"lazy\" decoding=\"async\" class=\"alignright size-full wp-image-780\" title=\"natal\" src=\"http:\/\/ultimato.com.br\/sites\/fatosecorrelatos\/files\/2011\/12\/natal.jpg\" alt=\"\" width=\"180\" height=\"274\" srcset=\"https:\/\/ultimato.com.br\/sites\/fatosecorrelatos\/files\/2011\/12\/natal.jpg 180w, https:\/\/ultimato.com.br\/sites\/fatosecorrelatos\/files\/2011\/12\/natal-98x150.jpg 98w\" sizes=\"auto, (max-width: 180px) 100vw, 180px\" \/><\/a><\/p>\n<p><em>Por Guilherme de Carvalho<\/em><\/p>\n<p><em><\/em><br \/>\nPor favor, ceda \u00e0 tenta\u00e7\u00e3o desta vez. Celebre o Natal tamb\u00e9m (sem solst\u00edcios ou outras piadas, por favor). N\u00e3o imponha a voc\u00ea mesmo essa penit\u00eancia negacionista de fim-de-ano&#8230;<\/p>\n<p>&#8220;Celebrar o qu\u00ea? O Cristianismo s\u00f3 trouxe opress\u00e3o para o mundo!&#8221;<\/p>\n<p>Sim, o Cristianismo n\u00e3o \u00e9 inocente. N\u00e3o me esqueci das cruzadas, de Servetus, do genoc\u00eddio ind\u00edgena pelos colonizadores &#8220;crist\u00e3os&#8221;, da persegui\u00e7\u00e3o dos hereges, das guerras da religi\u00e3o na Europa, da pedofilia dos padres, do Edir Macedo, dos belisc\u00f5es e tapas da sua m\u00e3e carola, etc&#8230; Mas \u00e9 que esses males j\u00e1 estavam no mundo antes de Jesus aparecer. At\u00e9 a persegui\u00e7\u00e3o dos &#8220;hereges&#8221;, Ant\u00edoco Epif\u00e2nio (pag\u00e3o) j\u00e1 fazia &#8211; t\u00e1 tudo l\u00e1, no livro dos Macabeus. Raz\u00f5es para fazer essas coisas ruins o homem sempre teve. N\u00e3o \u00e9 preciso um g\u00eanio ou inspira\u00e7\u00e3o especial para pratic\u00e1-las. (Minto: acho que o Edir foi uma inova\u00e7\u00e3o brasileira mesmo!)<\/p>\n<p>Mas mesmo que voc\u00ea n\u00e3o creia que Jesus \u00e9 o Logos divino em carne humana e esteja revoltado com o d\u00edzimo, o fato \u00e9 que sem ele n\u00e3o haveria algumas inova\u00e7\u00f5es que exigem inspira\u00e7\u00e3o, g\u00eanio e virtude.Sem Jesus n\u00e3o haveria a antropologia crist\u00e3, nem o universalismo crist\u00e3o, nem o ap\u00f3stolo Paulo (vide Slavoj Zizek), nem as miss\u00f5es de S\u00e3o Patr\u00edcio e Columba, nem a s\u00edntese filos\u00f3fico-religiosa da mente sem\u00edtica com a mente grega para formar a Europa, nem a lineariza\u00e7\u00e3o da hist\u00f3ria, nem a dessacraliza\u00e7\u00e3o da natureza, nem a ruptura do racionalismo grego, nem Agostinho (e no futuro, a id\u00e9ia de Self), nem aboli\u00e7\u00e3o do infantic\u00eddio e repress\u00e3o \u00e0 escravatura, nem a &#8220;caritas&#8221; crist\u00e3, nem a preserva\u00e7\u00e3o da heran\u00e7a latina e grega depois da queda do Imp\u00e9rio Romano&#8230;<\/p>\n<p>E da\u00ed n\u00e3o haveria Ocidente, nem os primeiros hospitais, nem aristotelismo crist\u00e3o nem ruptura com o aristotelismo crist\u00e3o, nem Cambridge e Oxford, nem Dante Alighieri, nem Pico Della Mirandola, nem Renascimento, nem Rafael, nem Reforma, nem Lutero com sua liberdade da consci\u00eancia, nem escolas p\u00fablicas para ensinar a ler a B\u00edblia (e outras coisas), nem Johan Sebastian Bach, nem Rembrandt, nem empirismo, nem Royal Society (vide Hooykas), nem revolu\u00e7\u00e3o cient\u00edfica, nem Pascal, nem Martin Bucer, nem constitui\u00e7\u00e3o moderna, nem &#8220;Lex Rex&#8221; (vide Rutheford), nem huguenotes franceses, nem revolu\u00e7\u00e3o Francesa, nem revolu\u00e7\u00e3o Americana (nem Marx tamb\u00e9m, como queira), nem Harvard, Yale e Princeton com suas igrejas fundadoras, nem a ideia moderna de direitos humanos (vide Wolterstorff), nem William Carey e o fim da queima de vi\u00favas na \u00cdndia, nem aboli\u00e7\u00e3o da escravatura (vide Wilberforce), nem Comenius, nem Kierkegaard, nem Dostoyevski, nem negro spirituals (nem Jazz, nem Blues, nem Gospel, nem Rock&#8217;n&#8217;Roll e talvez at\u00e9&#8230; nem Metal!) nem Cruz Vermelha, nem Maritain, nem a moderna declara\u00e7\u00e3o universal dos direitos humanos, nem Martin Luther King (nem &#8220;I Have a Dream&#8221;), nem o sindicato Solidariedade na Pol\u00f4nia, nem Tarkovski, nem Arvo Part, nem Malick, nem Desmond Tutu e a Comiss\u00e3o para a Verdade e a Reconcilia\u00e7\u00e3o, na \u00c1frica do Sul, e por a\u00ed vai&#8230;<\/p>\n<p>Sim, voc\u00ea pode praguejar e amaldi\u00e7oar as mis\u00e9rias da religi\u00e3o, mas seja honesto e realize um ato racional de resposta proporcional. Gostando ou n\u00e3o, voc\u00ea tem uma d\u00edvida com a f\u00e9 que inspirou e movimentou mudan\u00e7as positivas, que voc\u00ea desfruta agora.<\/p>\n<p>Assim, como eu disse, n\u00e3o imponha a voc\u00ea mesmo essa penit\u00eancia. Esque\u00e7a a sua descren\u00e7a por uns momentos (n\u00e3o \u00e9 t\u00e3o dif\u00edcil. Voc\u00ea n\u00e3o faz isso com a sua vida toda sexta-feira \u00e0 noite?) e agrade\u00e7a&#8230; ao universo (?) por Jesus Cristo. Se depois de se informar sobre a hist\u00f3ria crist\u00e3 (eu disse hist\u00f3ria, n\u00e3o Dan Brown e assemelhados) um sentimento de gratid\u00e3o nascer em voc\u00ea, n\u00e3o o reprima &#8211; mesmo que voc\u00ea n\u00e3o tenha para onde direcion\u00e1-lo. Na aus\u00eancia de alternativas, agrade\u00e7a ao vento. Ainda assim, ser\u00e1 melhor do que dormir na sarjeta de novo, nesse Natal.<\/p>\n<p>Celebre Jesus Cristo, seja ele quem for!<\/p>\n<p>__________________<\/p>\n<p><strong>Guilherme de Carvalho<\/strong> \u00e9 pastor da Igreja Esperan\u00e7a em Belo Horizonte (MG), \u00e9 obreiro de L\u2019Abri no Brasil e presidente da Associa\u00e7\u00e3o Kuyper para Estudos Transdisciplinares. \u00c9 tamb\u00e9m organizador e autor de Cosmovis\u00e3o Crist\u00e3 e Transforma\u00e7\u00e3o e membro da associa\u00e7\u00e3o Christians in Science (CiS).<\/p>\n","protected":false},"excerpt":{"rendered":"<p>Por Guilherme de Carvalho Por favor, ceda \u00e0 tenta\u00e7\u00e3o desta vez. Celebre o Natal tamb\u00e9m (sem solst\u00edcios ou outras piadas, por favor). N\u00e3o imponha a voc\u00ea mesmo essa penit\u00eancia negacionista de fim-de-ano&#8230; &#8220;Celebrar o qu\u00ea? O Cristianismo s\u00f3 trouxe opress\u00e3o para o mundo!&#8221; Sim, o Cristianismo n\u00e3o \u00e9 inocente. N\u00e3o me esqueci das cruzadas, de [&hellip;]<\/p>\n","protected":false},"author":12,"featured_media":0,"comment_status":"open","ping_status":"open","sticky":false,"template":"","format":"standard","meta":{"ngg_post_thumbnail":0,"footnotes":""},"categories":[7656],"tags":[10403,10404,82],"class_list":["post-779","post","type-post","status-publish","format-standard","hentry","category-outras-vozes","tag-guilherme-de-carvalho","tag-jesus-cr","tag-natal"],"_links":{"self":[{"href":"https:\/\/ultimato.com.br\/sites\/fatosecorrelatos\/wp-json\/wp\/v2\/posts\/779","targetHints":{"allow":["GET"]}}],"collection":[{"href":"https:\/\/ultimato.com.br\/sites\/fatosecorrelatos\/wp-json\/wp\/v2\/posts"}],"about":[{"href":"https:\/\/ultimato.com.br\/sites\/fatosecorrelatos\/wp-json\/wp\/v2\/types\/post"}],"author":[{"embeddable":true,"href":"https:\/\/ultimato.com.br\/sites\/fatosecorrelatos\/wp-json\/wp\/v2\/users\/12"}],"replies":[{"embeddable":true,"href":"https:\/\/ultimato.com.br\/sites\/fatosecorrelatos\/wp-json\/wp\/v2\/comments?post=779"}],"version-history":[{"count":5,"href":"https:\/\/ultimato.com.br\/sites\/fatosecorrelatos\/wp-json\/wp\/v2\/posts\/779\/revisions"}],"predecessor-version":[{"id":784,"href":"https:\/\/ultimato.com.br\/sites\/fatosecorrelatos\/wp-json\/wp\/v2\/posts\/779\/revisions\/784"}],"wp:attachment":[{"href":"https:\/\/ultimato.com.br\/sites\/fatosecorrelatos\/wp-json\/wp\/v2\/media?parent=779"}],"wp:term":[{"taxonomy":"category","embeddable":true,"href":"https:\/\/ultimato.com.br\/sites\/fatosecorrelatos\/wp-json\/wp\/v2\/categories?post=779"},{"taxonomy":"post_tag","embeddable":true,"href":"https:\/\/ultimato.com.br\/sites\/fatosecorrelatos\/wp-json\/wp\/v2\/tags?post=779"}],"curies":[{"name":"wp","href":"https:\/\/api.w.org\/{rel}","templated":true}]}}