{"id":756,"date":"2011-12-03T08:54:32","date_gmt":"2011-12-03T11:54:32","guid":{"rendered":"http:\/\/ultimato.com.br\/sites\/fatosecorrelatos\/?p=756"},"modified":"2011-12-03T08:54:32","modified_gmt":"2011-12-03T11:54:32","slug":"silencio-2","status":"publish","type":"post","link":"https:\/\/ultimato.com.br\/sites\/fatosecorrelatos\/2011\/12\/03\/silencio-2\/","title":{"rendered":"Sil\u00eancio"},"content":{"rendered":"<p><a href=\"http:\/\/ultimato.com.br\/sites\/fatosecorrelatos\/files\/2011\/12\/NADA_bmp1.jpg\" class=\"lightview\" data-lightview-group=\"group-756\" data-lightview-options=\"skin: 'dark', controls: 'relative', padding: '10', shadow: { color: '#000000', opacity: 0.08, blur: 3 }\" data-lightview-title=\"NADA_bmp\"><img loading=\"lazy\" decoding=\"async\" class=\"alignright size-medium wp-image-758\" title=\"NADA_bmp\" src=\"http:\/\/ultimato.com.br\/sites\/fatosecorrelatos\/files\/2011\/12\/NADA_bmp1-300x185.jpg\" alt=\"\" width=\"300\" height=\"185\" srcset=\"https:\/\/ultimato.com.br\/sites\/fatosecorrelatos\/files\/2011\/12\/NADA_bmp1-300x185.jpg 300w, https:\/\/ultimato.com.br\/sites\/fatosecorrelatos\/files\/2011\/12\/NADA_bmp1-150x92.jpg 150w, https:\/\/ultimato.com.br\/sites\/fatosecorrelatos\/files\/2011\/12\/NADA_bmp1.jpg 380w\" sizes=\"auto, (max-width: 300px) 100vw, 300px\" \/><\/a>Sil\u00eancio. Quem o busca intencionalmente? Quem o encontra?<\/p>\n<p>No sil\u00eancio discernimos melhor as vozes. Somos tomados de coragem para abandonar a tagarelice e os elogios falsos. Somos animados a buscar palavras verdadeiras, e n\u00e3o discursos eloquentes.<\/p>\n<p>Deveria ser o sil\u00eancio o passo seguinte ao som; afinal, s\u00e3o irm\u00e3os. Um precisa do outro para que a vida seja compreendida.<\/p>\n<p>No sil\u00eancio a alma fala mais alto que a carne.<\/p>\n<p>O sil\u00eancio faz parte dos planos de Deus. Ap\u00f3s o aguardado e temido s\u00e9timo selo (Ap 8), veio um profundo e universal sil\u00eancio. O sil\u00eancio tamb\u00e9m \u00e9 revela\u00e7\u00e3o.<\/p>\n<p>Nem perguntas, nem respostas. H\u00e1 momentos em que o melhor \u00e9 o sil\u00eancio. Ele ilumina as perguntas e as respostas.<\/p>\n<p>Que o sil\u00eancio me encontre.<\/p>\n","protected":false},"excerpt":{"rendered":"<p>Sil\u00eancio. Quem o busca intencionalmente? Quem o encontra? No sil\u00eancio discernimos melhor as vozes. Somos tomados de coragem para abandonar a tagarelice e os elogios falsos. Somos animados a buscar palavras verdadeiras, e n\u00e3o discursos eloquentes. Deveria ser o sil\u00eancio o passo seguinte ao som; afinal, s\u00e3o irm\u00e3os. Um precisa do outro para que a [&hellip;]<\/p>\n","protected":false},"author":12,"featured_media":0,"comment_status":"open","ping_status":"open","sticky":false,"template":"","format":"standard","meta":{"ngg_post_thumbnail":0,"footnotes":""},"categories":[114,7654],"tags":[4783,4794],"class_list":["post-756","post","type-post","status-publish","format-standard","hentry","category-artigos","category-cronicas","tag-espiritualidade","tag-silencio"],"_links":{"self":[{"href":"https:\/\/ultimato.com.br\/sites\/fatosecorrelatos\/wp-json\/wp\/v2\/posts\/756","targetHints":{"allow":["GET"]}}],"collection":[{"href":"https:\/\/ultimato.com.br\/sites\/fatosecorrelatos\/wp-json\/wp\/v2\/posts"}],"about":[{"href":"https:\/\/ultimato.com.br\/sites\/fatosecorrelatos\/wp-json\/wp\/v2\/types\/post"}],"author":[{"embeddable":true,"href":"https:\/\/ultimato.com.br\/sites\/fatosecorrelatos\/wp-json\/wp\/v2\/users\/12"}],"replies":[{"embeddable":true,"href":"https:\/\/ultimato.com.br\/sites\/fatosecorrelatos\/wp-json\/wp\/v2\/comments?post=756"}],"version-history":[{"count":1,"href":"https:\/\/ultimato.com.br\/sites\/fatosecorrelatos\/wp-json\/wp\/v2\/posts\/756\/revisions"}],"predecessor-version":[{"id":759,"href":"https:\/\/ultimato.com.br\/sites\/fatosecorrelatos\/wp-json\/wp\/v2\/posts\/756\/revisions\/759"}],"wp:attachment":[{"href":"https:\/\/ultimato.com.br\/sites\/fatosecorrelatos\/wp-json\/wp\/v2\/media?parent=756"}],"wp:term":[{"taxonomy":"category","embeddable":true,"href":"https:\/\/ultimato.com.br\/sites\/fatosecorrelatos\/wp-json\/wp\/v2\/categories?post=756"},{"taxonomy":"post_tag","embeddable":true,"href":"https:\/\/ultimato.com.br\/sites\/fatosecorrelatos\/wp-json\/wp\/v2\/tags?post=756"}],"curies":[{"name":"wp","href":"https:\/\/api.w.org\/{rel}","templated":true}]}}