{"id":741,"date":"2011-10-27T22:23:54","date_gmt":"2011-10-28T01:23:54","guid":{"rendered":"http:\/\/ultimato.com.br\/sites\/fatosecorrelatos\/?p=741"},"modified":"2011-10-27T22:23:54","modified_gmt":"2011-10-28T01:23:54","slug":"vida-em-pedacos","status":"publish","type":"post","link":"https:\/\/ultimato.com.br\/sites\/fatosecorrelatos\/2011\/10\/27\/vida-em-pedacos\/","title":{"rendered":"Vida em peda\u00e7os"},"content":{"rendered":"<p><a href=\"http:\/\/ultimato.com.br\/sites\/fatosecorrelatos\/files\/2011\/10\/QuebraCabeca.jpg\" class=\"lightview\" data-lightview-group=\"group-741\" data-lightview-options=\"skin: 'dark', controls: 'relative', padding: '10', shadow: { color: '#000000', opacity: 0.08, blur: 3 }\" data-lightview-title=\"QuebraCabeca\"><img loading=\"lazy\" decoding=\"async\" class=\"alignleft size-medium wp-image-742\" title=\"QuebraCabeca\" src=\"http:\/\/ultimato.com.br\/sites\/fatosecorrelatos\/files\/2011\/10\/QuebraCabeca-300x199.jpg\" alt=\"\" width=\"300\" height=\"199\" srcset=\"https:\/\/ultimato.com.br\/sites\/fatosecorrelatos\/files\/2011\/10\/QuebraCabeca-300x199.jpg 300w, https:\/\/ultimato.com.br\/sites\/fatosecorrelatos\/files\/2011\/10\/QuebraCabeca-150x99.jpg 150w, https:\/\/ultimato.com.br\/sites\/fatosecorrelatos\/files\/2011\/10\/QuebraCabeca.jpg 400w\" sizes=\"auto, (max-width: 300px) 100vw, 300px\" \/><\/a>Quando vivo em peda\u00e7os, Deus \u00e9 diminu\u00eddo em mim. Ele se torna apenas um remendo religioso para minha ferida realidade existencial.<\/p>\n<p>Diminuir Deus \u2013 e isso \u00e9 um grande pecado \u2013 \u00e9 encar\u00e1-lo como um simples encaixe, uma pe\u00e7a que falta ao meu quebra-cabe\u00e7a pessoal. \u00c9 at\u00e9 necess\u00e1rio, mas nunca ser\u00e1 mais importante que todas as outras pe\u00e7as juntas. Se assim o \u00e9, Deus sempre ser\u00e1 um provedor imediato, mas nunca um guia eterno.<\/p>\n<p>Olhando a revela\u00e7\u00e3o b\u00edblica, Deus \u00e9 apresentado como <em>Senhor<\/em> e <em>Salvador<\/em>. Longe de um jarg\u00e3o religioso, afirmar e crer nisso \u00e9, em outras palavras, nos encaixarmos na realidade de Deus, e n\u00e3o o inverso. Na pr\u00e1tica, quero dizer que a f\u00e9 crist\u00e3 me faz encarar minha vida como um horizonte que depende do nascer-do-sol para ser visto. A aurora revela toda a realidade, e, eu, reconhecendo isso, me entrego \u00e0 fonte da luz e s\u00f3 ent\u00e3o me enxergo de verdade.<\/p>\n<p>Meus desejos mesquinhos e meus vazios psicol\u00f3gicos n\u00e3o passam de poeira, sem o poder de Deus trazendo sentido, dire\u00e7\u00e3o, consolo e cura. Facilmente permanecerei confuso diante de minhas incoer\u00eancias mais \u00edntimas, e as tornarei poderosas divindades, se n\u00e3o baixar as armas, abandonar o esconderijo e render-me por completo a Cristo.<\/p>\n<p>Preste aten\u00e7\u00e3o: render-me n\u00e3o \u00e9 entregar a Deus o que ainda n\u00e3o se encaixa em mim ou me incomoda. \u00c9, de fato, dar a ele tudo o que sou \u2013 os pontos iluminados, mas tamb\u00e9m os obscuros. S\u00f3 assim conseguirei entender que o convite de Deus n\u00e3o \u00e9 menos que viver uma vida inteira, eterna, e n\u00e3o uma vida em peda\u00e7os, ef\u00eamera. Isso depende fundamentalmente de quanto eu estou disposto a me render: inteiramente ou apenas em parte.<\/p>\n<p>F\u00e9 \u00e9 entregar-se por inteiro. Absolutamente.<\/p>\n","protected":false},"excerpt":{"rendered":"<p>Quando vivo em peda\u00e7os, Deus \u00e9 diminu\u00eddo em mim. Ele se torna apenas um remendo religioso para minha ferida realidade existencial. Diminuir Deus \u2013 e isso \u00e9 um grande pecado \u2013 \u00e9 encar\u00e1-lo como um simples encaixe, uma pe\u00e7a que falta ao meu quebra-cabe\u00e7a pessoal. \u00c9 at\u00e9 necess\u00e1rio, mas nunca ser\u00e1 mais importante que todas [&hellip;]<\/p>\n","protected":false},"author":12,"featured_media":0,"comment_status":"open","ping_status":"open","sticky":false,"template":"","format":"standard","meta":{"ngg_post_thumbnail":0,"footnotes":""},"categories":[114],"tags":[9889,4783,9506,9888,6095],"class_list":["post-741","post","type-post","status-publish","format-standard","hentry","category-artigos","tag-conselhos","tag-espiritualidade","tag-integridade","tag-meditacoes","tag-vida"],"_links":{"self":[{"href":"https:\/\/ultimato.com.br\/sites\/fatosecorrelatos\/wp-json\/wp\/v2\/posts\/741","targetHints":{"allow":["GET"]}}],"collection":[{"href":"https:\/\/ultimato.com.br\/sites\/fatosecorrelatos\/wp-json\/wp\/v2\/posts"}],"about":[{"href":"https:\/\/ultimato.com.br\/sites\/fatosecorrelatos\/wp-json\/wp\/v2\/types\/post"}],"author":[{"embeddable":true,"href":"https:\/\/ultimato.com.br\/sites\/fatosecorrelatos\/wp-json\/wp\/v2\/users\/12"}],"replies":[{"embeddable":true,"href":"https:\/\/ultimato.com.br\/sites\/fatosecorrelatos\/wp-json\/wp\/v2\/comments?post=741"}],"version-history":[{"count":2,"href":"https:\/\/ultimato.com.br\/sites\/fatosecorrelatos\/wp-json\/wp\/v2\/posts\/741\/revisions"}],"predecessor-version":[{"id":744,"href":"https:\/\/ultimato.com.br\/sites\/fatosecorrelatos\/wp-json\/wp\/v2\/posts\/741\/revisions\/744"}],"wp:attachment":[{"href":"https:\/\/ultimato.com.br\/sites\/fatosecorrelatos\/wp-json\/wp\/v2\/media?parent=741"}],"wp:term":[{"taxonomy":"category","embeddable":true,"href":"https:\/\/ultimato.com.br\/sites\/fatosecorrelatos\/wp-json\/wp\/v2\/categories?post=741"},{"taxonomy":"post_tag","embeddable":true,"href":"https:\/\/ultimato.com.br\/sites\/fatosecorrelatos\/wp-json\/wp\/v2\/tags?post=741"}],"curies":[{"name":"wp","href":"https:\/\/api.w.org\/{rel}","templated":true}]}}