{"id":74,"date":"2007-08-27T15:51:00","date_gmt":"2007-08-27T18:51:00","guid":{"rendered":"http:\/\/ultimato.com.br\/sites\/fatosecorrelatos\/2007\/08\/27\/silencio\/"},"modified":"2010-09-24T18:51:21","modified_gmt":"2010-09-24T21:51:21","slug":"silencio","status":"publish","type":"post","link":"https:\/\/ultimato.com.br\/sites\/fatosecorrelatos\/2007\/08\/27\/silencio\/","title":{"rendered":"Sil\u00eancio"},"content":{"rendered":"<p>\u201cSomente quando entramos no sil\u00eancio, numa dimens\u00e3o \u00edntima, solit\u00e1ria, \u00e9 que somos levados ao nosso pr\u00f3prio cora\u00e7\u00e3o e ao cora\u00e7\u00e3o de Deus. \u00c9 s\u00f3 quando sei estar sozinho e quieto diante da face silenciosa e amorosa de Deus que minha narrativa \u00e9 transformada, minha linguagem deixa de ser explicativa, argumentativa, para se tornar a linguagem da intimidade\u201d.<br \/>Osmar Ludovico, no livro <em>Meditatio<\/em>.<\/p>\n","protected":false},"excerpt":{"rendered":"<p>\u201cSomente quando entramos no sil\u00eancio, numa dimens\u00e3o \u00edntima, solit\u00e1ria, \u00e9 que somos levados ao nosso pr\u00f3prio cora\u00e7\u00e3o e ao cora\u00e7\u00e3o de Deus. \u00c9 s\u00f3 quando sei estar sozinho e quieto diante da face silenciosa e amorosa de Deus que minha narrativa \u00e9 transformada, minha linguagem deixa de ser explicativa, argumentativa, para se tornar a linguagem [&hellip;]<\/p>\n","protected":false},"author":12,"featured_media":0,"comment_status":"open","ping_status":"open","sticky":false,"template":"","format":"standard","meta":{"ngg_post_thumbnail":0,"footnotes":""},"categories":[7656],"tags":[4783,5566],"class_list":["post-74","post","type-post","status-publish","format-standard","hentry","category-outras-vozes","tag-espiritualidade","tag-frases"],"_links":{"self":[{"href":"https:\/\/ultimato.com.br\/sites\/fatosecorrelatos\/wp-json\/wp\/v2\/posts\/74","targetHints":{"allow":["GET"]}}],"collection":[{"href":"https:\/\/ultimato.com.br\/sites\/fatosecorrelatos\/wp-json\/wp\/v2\/posts"}],"about":[{"href":"https:\/\/ultimato.com.br\/sites\/fatosecorrelatos\/wp-json\/wp\/v2\/types\/post"}],"author":[{"embeddable":true,"href":"https:\/\/ultimato.com.br\/sites\/fatosecorrelatos\/wp-json\/wp\/v2\/users\/12"}],"replies":[{"embeddable":true,"href":"https:\/\/ultimato.com.br\/sites\/fatosecorrelatos\/wp-json\/wp\/v2\/comments?post=74"}],"version-history":[{"count":1,"href":"https:\/\/ultimato.com.br\/sites\/fatosecorrelatos\/wp-json\/wp\/v2\/posts\/74\/revisions"}],"predecessor-version":[{"id":248,"href":"https:\/\/ultimato.com.br\/sites\/fatosecorrelatos\/wp-json\/wp\/v2\/posts\/74\/revisions\/248"}],"wp:attachment":[{"href":"https:\/\/ultimato.com.br\/sites\/fatosecorrelatos\/wp-json\/wp\/v2\/media?parent=74"}],"wp:term":[{"taxonomy":"category","embeddable":true,"href":"https:\/\/ultimato.com.br\/sites\/fatosecorrelatos\/wp-json\/wp\/v2\/categories?post=74"},{"taxonomy":"post_tag","embeddable":true,"href":"https:\/\/ultimato.com.br\/sites\/fatosecorrelatos\/wp-json\/wp\/v2\/tags?post=74"}],"curies":[{"name":"wp","href":"https:\/\/api.w.org\/{rel}","templated":true}]}}