{"id":730,"date":"2011-10-17T17:44:14","date_gmt":"2011-10-17T20:44:14","guid":{"rendered":"http:\/\/ultimato.com.br\/sites\/fatosecorrelatos\/?p=730"},"modified":"2011-10-17T18:00:46","modified_gmt":"2011-10-17T21:00:46","slug":"cortina-aberta","status":"publish","type":"post","link":"https:\/\/ultimato.com.br\/sites\/fatosecorrelatos\/2011\/10\/17\/cortina-aberta\/","title":{"rendered":"Cortina aberta"},"content":{"rendered":"<p><a href=\"http:\/\/ultimato.com.br\/sites\/fatosecorrelatos\/files\/2011\/10\/cortinas_palco.jpg\" class=\"lightview\" data-lightview-group=\"group-730\" data-lightview-options=\"skin: 'dark', controls: 'relative', padding: '10', shadow: { color: '#000000', opacity: 0.08, blur: 3 }\"><img loading=\"lazy\" decoding=\"async\" class=\"alignleft size-medium wp-image-736\" src=\"http:\/\/ultimato.com.br\/sites\/fatosecorrelatos\/files\/2011\/10\/cortinas_palco-300x190.jpg\" alt=\"\" width=\"300\" height=\"190\" srcset=\"https:\/\/ultimato.com.br\/sites\/fatosecorrelatos\/files\/2011\/10\/cortinas_palco-300x190.jpg 300w, https:\/\/ultimato.com.br\/sites\/fatosecorrelatos\/files\/2011\/10\/cortinas_palco-150x95.jpg 150w, https:\/\/ultimato.com.br\/sites\/fatosecorrelatos\/files\/2011\/10\/cortinas_palco.jpg 450w\" sizes=\"auto, (max-width: 300px) 100vw, 300px\" \/><\/a>Jo\u00e3o abre a cortina. Do lado de fora, enxerga mais que o futuro. V\u00ea a realidade completa da salva\u00e7\u00e3o iniciada desde o g\u00eanese e em curso hoje. Do ato de paix\u00e3o e sacrif\u00edcio de Jesus, que fez com que o v\u00e9u que nos separava de Deus se \u201crasgasse de cima abaixo\u201d at\u00e9 a vida cotidiana, dif\u00edcil, dolorida, inst\u00e1vel, a salva\u00e7\u00e3o pode ser vista apenas como um conceito teol\u00f3gico \u2013 bonito, mas n\u00e3o t\u00e3o relevante para quem precisa enfrentar a vida.<\/p>\n<p>Seria razo\u00e1vel o pessimismo e o des\u00e2nimo se Jo\u00e3o n\u00e3o houvesse aberto a cortina. Em Ap 7.9-17, o agraciado Jo\u00e3o nos mostra a poderosa vis\u00e3o do (re)encontro dos salvos \u2013 uma multid\u00e3o que ningu\u00e9m consegue contar. Como anseio ter o mesmo sentimento dessa gente de todas as na\u00e7\u00f5es com vestes brancas e dos anjos diante do trono de Deus! Esta \u00e9 uma das mais maravilhosas cenas da hist\u00f3ria da salva\u00e7\u00e3o. Pessoas, antes sujas, agora alvejadas pelo sangue do Cordeiro (14). N\u00e3o somente isso, mas de fato profundamente gratas e em \u00eaxtase completo diante de quem lhes salvou. Nada mais \u00e9 t\u00e3o importante quanto o grito pleno de que a Ele pertence a salva\u00e7\u00e3o (10). N\u00e3o h\u00e1 hiatos, nem abismos entre o Salvador e os salvos.<\/p>\n<p>Os anjos, os l\u00edderes e os seres viventes, surpresos e extasiados, se prostram diante do Cordeiro e tamb\u00e9m o adoram. Que majestosa vis\u00e3o! Que fant\u00e1stica cena!<\/p>\n<p>Sabemos: o caminho dos redimidos foi, \u00e9 e ser\u00e1 pastoreado pelo verdadeiro e \u00fanico Pastor. Agora toda a hist\u00f3ria pessoal faz sentido, mesmo as dores e as injusti\u00e7as (14), porque cada tribula\u00e7\u00e3o foi apaziguada pelo poder da reden\u00e7\u00e3o (14). O mal \u00e9 limitado e superado. O final ser\u00e1 glorioso: \u201cnunca mais ter\u00e3o fome e sede. N\u00e3o os afligir\u00e1 o sol, nem qualquer calor abrasador. O Cordeiro os guiar\u00e1 e fonte da \u00e1gua viva. E Deus enxugar\u00e1 dos seus olhos toda l\u00e1grima\u201d (16, 17).<\/p>\n<p>N\u00e3o, esta n\u00e3o \u00e9 apenas uma vis\u00e3o, mas um fato existente em dois tempos:<\/p>\n<p>1)\tJesus, o Cordeiro, j\u00e1 nos deu a salva\u00e7\u00e3o.<\/p>\n<p>2)\tTomamos consci\u00eancia gradativa disso at\u00e9 chegarmos ao reencontro com os salvos.<\/p>\n<p>N\u00e3o que antes n\u00e3o havia beleza e verdade na salva\u00e7\u00e3o, mas ser\u00e1 neste momento glorioso descortinado por Jo\u00e3o que enxergaremos a realidade agora ainda turva (1 Co 13.12). O fato ser\u00e1 completo com a presen\u00e7a vis\u00edvel do Cordeiro e com a celebra\u00e7\u00e3o e adora\u00e7\u00e3o global de homens, anjos e seres viventes.<\/p>\n<p>Crer e esperar por t\u00e3o grande dia nos d\u00e1 for\u00e7a para enfrentar hoje as imperfei\u00e7\u00f5es. Nos d\u00e1 esperan\u00e7a de que o \u00faltimo cap\u00edtulo da nossa hist\u00f3ria ainda est\u00e1 por vir. E ele ser\u00e1 feliz.<\/p>\n<p>Suponho que quanto mais formos invadidos por esta maravilhosa cena da salva\u00e7\u00e3o, mais for\u00e7as teremos para enfrentar a realidade de desesperan\u00e7a e incoer\u00eancias humanas. \u00c9 como o c\u00e9u aberto ap\u00f3s uma forte tempestade. De t\u00e3o bonito que ele surge j\u00e1 n\u00e3o nos angustiamos com a recente chuva que nos afligia.<\/p>\n<p>Nesta cena de Apocalipse Jo\u00e3o enxerga o Cordeiro-Pastor. Cordeiro, que se identifica conosco e d\u00e1 sua vida. Pastor, que cuida das suas ovelhas.<\/p>\n<p>Salvar \u00e9, ap\u00f3s uma encarna\u00e7\u00e3o sacrifical, trazer de volta para o aprisco, curar e cuidar da ovelha at\u00e9 o fim.<\/p>\n<p>A vis\u00e3o de Jo\u00e3o nos revela que o que sabemos e vemos hoje a respeito da salva\u00e7\u00e3o n\u00e3o se compara com o que vir\u00e1. Como poder\u00edamos viver se este futuro anunciado e glorioso?<\/p>\n<p>Suspeito que o regozijo do que somos hoje s\u00f3 pode ser percebido se, ao menos uma vez, tivermos a coragem de esticar a cabe\u00e7a por dentre as cortinas e apreciar o invis\u00edvel.<\/p>\n<p>&nbsp;<\/p>\n<p>&nbsp;<\/p>\n","protected":false},"excerpt":{"rendered":"<p>Jo\u00e3o abre a cortina. Do lado de fora, enxerga mais que o futuro. V\u00ea a realidade completa da salva\u00e7\u00e3o iniciada desde o g\u00eanese e em curso hoje. Do ato de paix\u00e3o e sacrif\u00edcio de Jesus, que fez com que o v\u00e9u que nos separava de Deus se \u201crasgasse de cima abaixo\u201d at\u00e9 a vida cotidiana, dif\u00edcil, dolorida, inst\u00e1vel, a salva\u00e7\u00e3o pode ser vista apenas como um conceito teol\u00f3gico \u2013 bonito, mas n\u00e3o t\u00e3o relevante para quem precisa enfrentar a vida.<\/p>\n","protected":false},"author":12,"featured_media":0,"comment_status":"open","ping_status":"open","sticky":false,"template":"","format":"standard","meta":{"ngg_post_thumbnail":0,"footnotes":""},"categories":[114],"tags":[9885,5506,5572],"class_list":["post-730","post","type-post","status-publish","format-standard","hentry","category-artigos","tag-apocalipse","tag-esperanca","tag-futuro"],"_links":{"self":[{"href":"https:\/\/ultimato.com.br\/sites\/fatosecorrelatos\/wp-json\/wp\/v2\/posts\/730","targetHints":{"allow":["GET"]}}],"collection":[{"href":"https:\/\/ultimato.com.br\/sites\/fatosecorrelatos\/wp-json\/wp\/v2\/posts"}],"about":[{"href":"https:\/\/ultimato.com.br\/sites\/fatosecorrelatos\/wp-json\/wp\/v2\/types\/post"}],"author":[{"embeddable":true,"href":"https:\/\/ultimato.com.br\/sites\/fatosecorrelatos\/wp-json\/wp\/v2\/users\/12"}],"replies":[{"embeddable":true,"href":"https:\/\/ultimato.com.br\/sites\/fatosecorrelatos\/wp-json\/wp\/v2\/comments?post=730"}],"version-history":[{"count":5,"href":"https:\/\/ultimato.com.br\/sites\/fatosecorrelatos\/wp-json\/wp\/v2\/posts\/730\/revisions"}],"predecessor-version":[{"id":735,"href":"https:\/\/ultimato.com.br\/sites\/fatosecorrelatos\/wp-json\/wp\/v2\/posts\/730\/revisions\/735"}],"wp:attachment":[{"href":"https:\/\/ultimato.com.br\/sites\/fatosecorrelatos\/wp-json\/wp\/v2\/media?parent=730"}],"wp:term":[{"taxonomy":"category","embeddable":true,"href":"https:\/\/ultimato.com.br\/sites\/fatosecorrelatos\/wp-json\/wp\/v2\/categories?post=730"},{"taxonomy":"post_tag","embeddable":true,"href":"https:\/\/ultimato.com.br\/sites\/fatosecorrelatos\/wp-json\/wp\/v2\/tags?post=730"}],"curies":[{"name":"wp","href":"https:\/\/api.w.org\/{rel}","templated":true}]}}