{"id":719,"date":"2011-10-04T06:40:06","date_gmt":"2011-10-04T09:40:06","guid":{"rendered":"http:\/\/ultimato.com.br\/sites\/fatosecorrelatos\/?p=719"},"modified":"2011-10-04T16:57:13","modified_gmt":"2011-10-04T19:57:13","slug":"palavras","status":"publish","type":"post","link":"https:\/\/ultimato.com.br\/sites\/fatosecorrelatos\/2011\/10\/04\/palavras\/","title":{"rendered":"Palavras"},"content":{"rendered":"<p>Queria escrever uma ora\u00e7\u00e3o sincera e simples, mas n\u00e3o encontro palavras.<\/p>\n<p>Queria que as palavras viessem at\u00e9 mim, e n\u00e3o o contr\u00e1rio. Eu as receberia com sorriso nos l\u00e1bios e um abra\u00e7o bem apertado.<\/p>\n<p>As palavras, elas n\u00e3o teriam acanhamento, pois lhes daria liberdade, sem rimas, sem versos pr\u00e9-fabricados, sem jarg\u00f5es. Palavras por palavras, espont\u00e2neas, leg\u00edtimas, que nascem do sopro da vida.<\/p>\n<p>Minha alma anseia por palavras santas, s\u00e1bias, que me orientem pelas esquinas e encruzilhadas. Honestamente, n\u00e3o quero &#8220;talvez&#8221;, &#8220;provavelmente&#8221;, &#8220;na minha opini\u00e3o&#8221;. Estas s\u00e3o apenas fa\u00edscas de palito de f\u00f3sforo &#8211; \u00fateis em uma escurid\u00e3o repentina, mas insuficientes para me guiar at\u00e9 o fim da jornada. Preciso de l\u00e2mpadas de verdade, que tragam esperan\u00e7a iluminadora e eterna.<\/p>\n<p>O verbo encarnado \u00e9 o vocabul\u00e1rio que preciso, pois suas palavras s\u00e3o confi\u00e1veis, libertadoras.<\/p>\n<p>A vida n\u00e3o \u00e9 uma folha de papel em branco. H\u00e1 muito o que ser escrito. Palavras de Deus, profundas, verdadeiras. A vida n\u00e3o \u00e9 um sil\u00eancio etero, vazio, sem cor. H\u00e1 muito o que ser proferido e ouvido. Voz de Deus, inabal\u00e1vel, doce, salv\u00edfica.<\/p>\n<p>Que Deus me encha de sentido nas partes obscuras da alma. Que a insufici\u00eancia da vida e os rompantes de ilus\u00e3o n\u00e3o prevale\u00e7am. Que o simples me reoriente at\u00e9 o essencial. Que eu me regozige nisso: n\u00e3o na gan\u00e2ncia, mas em todo anseio de vida plena.<\/p>\n<p>Que cada palavra seja preciosa como um diamante. Que seja t\u00e3o compensadora quanto o sorriso de uma crian\u00e7a.<\/p>\n","protected":false},"excerpt":{"rendered":"<p>Queria escrever uma ora\u00e7\u00e3o sincera e simples, mas n\u00e3o encontro palavras. Queria que as palavras viessem at\u00e9 mim, e n\u00e3o o contr\u00e1rio. Eu as receberia com sorriso nos l\u00e1bios e um abra\u00e7o bem apertado. As palavras, elas n\u00e3o teriam acanhamento, pois lhes daria liberdade, sem rimas, sem versos pr\u00e9-fabricados, sem jarg\u00f5es. Palavras por palavras, espont\u00e2neas, [&hellip;]<\/p>\n","protected":false},"author":12,"featured_media":0,"comment_status":"open","ping_status":"open","sticky":false,"template":"","format":"standard","meta":{"ngg_post_thumbnail":0,"footnotes":""},"categories":[7654,7655],"tags":[7603,124,160],"class_list":["post-719","post","type-post","status-publish","format-standard","hentry","category-cronicas","category-poesias","tag-cronicas-do-cotidiano","tag-oracao","tag-poesia"],"_links":{"self":[{"href":"https:\/\/ultimato.com.br\/sites\/fatosecorrelatos\/wp-json\/wp\/v2\/posts\/719","targetHints":{"allow":["GET"]}}],"collection":[{"href":"https:\/\/ultimato.com.br\/sites\/fatosecorrelatos\/wp-json\/wp\/v2\/posts"}],"about":[{"href":"https:\/\/ultimato.com.br\/sites\/fatosecorrelatos\/wp-json\/wp\/v2\/types\/post"}],"author":[{"embeddable":true,"href":"https:\/\/ultimato.com.br\/sites\/fatosecorrelatos\/wp-json\/wp\/v2\/users\/12"}],"replies":[{"embeddable":true,"href":"https:\/\/ultimato.com.br\/sites\/fatosecorrelatos\/wp-json\/wp\/v2\/comments?post=719"}],"version-history":[{"count":4,"href":"https:\/\/ultimato.com.br\/sites\/fatosecorrelatos\/wp-json\/wp\/v2\/posts\/719\/revisions"}],"predecessor-version":[{"id":725,"href":"https:\/\/ultimato.com.br\/sites\/fatosecorrelatos\/wp-json\/wp\/v2\/posts\/719\/revisions\/725"}],"wp:attachment":[{"href":"https:\/\/ultimato.com.br\/sites\/fatosecorrelatos\/wp-json\/wp\/v2\/media?parent=719"}],"wp:term":[{"taxonomy":"category","embeddable":true,"href":"https:\/\/ultimato.com.br\/sites\/fatosecorrelatos\/wp-json\/wp\/v2\/categories?post=719"},{"taxonomy":"post_tag","embeddable":true,"href":"https:\/\/ultimato.com.br\/sites\/fatosecorrelatos\/wp-json\/wp\/v2\/tags?post=719"}],"curies":[{"name":"wp","href":"https:\/\/api.w.org\/{rel}","templated":true}]}}