{"id":711,"date":"2011-09-10T10:09:41","date_gmt":"2011-09-10T13:09:41","guid":{"rendered":"http:\/\/ultimato.com.br\/sites\/fatosecorrelatos\/?p=711"},"modified":"2011-09-10T10:09:41","modified_gmt":"2011-09-10T13:09:41","slug":"nome","status":"publish","type":"post","link":"https:\/\/ultimato.com.br\/sites\/fatosecorrelatos\/2011\/09\/10\/nome\/","title":{"rendered":"Nome"},"content":{"rendered":"<p><a href=\"http:\/\/ultimato.com.br\/sites\/fatosecorrelatos\/files\/2011\/09\/pena-escrevendo.jpg\" class=\"lightview\" data-lightview-group=\"group-711\" data-lightview-options=\"skin: 'dark', controls: 'relative', padding: '10', shadow: { color: '#000000', opacity: 0.08, blur: 3 }\" data-lightview-title=\"pena escrevendo\"><img loading=\"lazy\" decoding=\"async\" class=\"alignleft size-full wp-image-713\" title=\"pena escrevendo\" src=\"http:\/\/ultimato.com.br\/sites\/fatosecorrelatos\/files\/2011\/09\/pena-escrevendo.jpg\" alt=\"\" width=\"222\" height=\"189\" srcset=\"https:\/\/ultimato.com.br\/sites\/fatosecorrelatos\/files\/2011\/09\/pena-escrevendo.jpg 222w, https:\/\/ultimato.com.br\/sites\/fatosecorrelatos\/files\/2011\/09\/pena-escrevendo-150x127.jpg 150w\" sizes=\"auto, (max-width: 222px) 100vw, 222px\" \/><\/a>Nome: informa\u00e7\u00e3o b\u00e1sica com a qual nos acostumamos. O tempo passa, e ele gruda tanto em n\u00f3s que j\u00e1 n\u00e3o h\u00e1 diferen\u00e7a entre a pessoa e, digamos, a denomina\u00e7\u00e3o dada a ela pelos pais.<\/p>\n<p>Eu sou \u201cLiss\u00e2nder\u201d, e n\u00e3o imagino quem eu seria sem o meu nome. Teria eu a mesma personalidade? O mesmo sotaque? O mesmo carinho dos outros? Seria igual o tom de irrita\u00e7\u00e3o da minha esposa ao grit\u00e1-lo? E, nos momentos de do\u00e7ura, ela teria o mesmo prazer ao pronunci\u00e1-lo?<\/p>\n<p>Lembro da \u00e9poca na inf\u00e2ncia em que eu costumava escrever meu nome em todos os lugares. Lugares apropriados e outros nem tanto: quadro negro da sala de aula, caderno, cadeira escolar, pr\u00f3prio corpo, etc. Eu costumava preencher os tempos de \u00f3cio e desaten\u00e7\u00e3o com o h\u00e1bito bobo de escrever repetidamente o meu nome em formatos e estilos diversificados.<\/p>\n<p>No meu caso, por possuir um nome incomum, o dilema inicial era: porque meus pais n\u00e3o fizeram op\u00e7\u00f5es mais f\u00e1ceis como: \u201cJo\u00e3o\u201d, \u201cCarlos\u201d ou \u201cArtur\u201d? Mas a\u00ed os anos foram passando, e a intimidade entre eu e meu nome nos transformou em bons amigos. N\u00e3o consigo viver sem ele. Ele \u00e9 protagonista da minha hist\u00f3ria.<\/p>\n<p>Ontem minha irm\u00e3 Milena, gr\u00e1vida h\u00e1 mais de 5 meses, descobriu que ser\u00e1 m\u00e3e de uma menina. O nome j\u00e1 est\u00e1 escolhido: Beatriz. Agora j\u00e1 n\u00e3o falamos de um \u201cbeb\u00ea\u201d, mas da Beatriz. As imagens s\u00e3o mais concretas, reais. At\u00e9 o rosto parece mais vis\u00edvel.<\/p>\n<p>Enquanto escrevo, penso o quanto Deus valoriza os nomes. N\u00e3o pela import\u00e2ncia social em si, mas pela hist\u00f3ria pessoal que carrega. Deus se interessa por esta hist\u00f3ria \u2013 cheia de erros, mas de reden\u00e7\u00e3o tamb\u00e9m. Alguns personagens b\u00edblicos \u2013 como Abra\u00e3o, Sara e Paulo &#8211; foram t\u00e3o marcados por Deus que receberam novos nomes. Como disse Eugene Peterson, \u201cnomear \u00e9 focar o essencial. [&#8230;] O nome \u00e9 parte da fala pela qual somos reconhecidos como pessoa\u201d.<\/p>\n<p>Quando o anjo do Senhor anunciou \u00e0 Maria que ela foi a escolhida para gerar o Messias, fez parte do an\u00fancio o nome: \u201cela dar\u00e1 \u00e0 luz um filho, e voc\u00ea dever\u00e1 dar-lhe o nome de Jesus, porque salvar\u00e1 o seu povo dos seus pecados\u201d. (Mt 1.21).<\/p>\n<p>O que seria a salva\u00e7\u00e3o operada por Cristo sen\u00e3o a reden\u00e7\u00e3o da nossa dignidade como pessoas criadas por e para Deus? Jo\u00e3o enxergou corretamente isso quando lembrou que os servos de Deus t\u00eam seus nomes escritos no livro da vida do Cordeiro (Ap. 21.27). Para ser real, tamanha dignidade s\u00f3 pode ser concedida al\u00e9m das nossas for\u00e7as e m\u00e9ritos. Todo nome \u00e9 um gracioso presente.<\/p>\n<p><em>PS.: Que venha nossa querida Beatriz!<\/em><\/p>\n<p>&nbsp;<\/p>\n","protected":false},"excerpt":{"rendered":"<p>Nome: informa\u00e7\u00e3o b\u00e1sica com a qual nos acostumamos. O tempo passa, e ele gruda tanto em n\u00f3s que j\u00e1 n\u00e3o h\u00e1 diferen\u00e7a entre a pessoa e, digamos, a denomina\u00e7\u00e3o dada a ela pelos pais. Eu sou \u201cLiss\u00e2nder\u201d, e n\u00e3o imagino quem eu seria sem o meu nome. Teria eu a mesma personalidade? O mesmo sotaque? [&hellip;]<\/p>\n","protected":false},"author":12,"featured_media":0,"comment_status":"open","ping_status":"open","sticky":false,"template":"","format":"standard","meta":{"ngg_post_thumbnail":0,"footnotes":""},"categories":[114,7654],"tags":[7603,9884],"class_list":["post-711","post","type-post","status-publish","format-standard","hentry","category-artigos","category-cronicas","tag-cronicas-do-cotidiano","tag-nomes"],"_links":{"self":[{"href":"https:\/\/ultimato.com.br\/sites\/fatosecorrelatos\/wp-json\/wp\/v2\/posts\/711","targetHints":{"allow":["GET"]}}],"collection":[{"href":"https:\/\/ultimato.com.br\/sites\/fatosecorrelatos\/wp-json\/wp\/v2\/posts"}],"about":[{"href":"https:\/\/ultimato.com.br\/sites\/fatosecorrelatos\/wp-json\/wp\/v2\/types\/post"}],"author":[{"embeddable":true,"href":"https:\/\/ultimato.com.br\/sites\/fatosecorrelatos\/wp-json\/wp\/v2\/users\/12"}],"replies":[{"embeddable":true,"href":"https:\/\/ultimato.com.br\/sites\/fatosecorrelatos\/wp-json\/wp\/v2\/comments?post=711"}],"version-history":[{"count":3,"href":"https:\/\/ultimato.com.br\/sites\/fatosecorrelatos\/wp-json\/wp\/v2\/posts\/711\/revisions"}],"predecessor-version":[{"id":715,"href":"https:\/\/ultimato.com.br\/sites\/fatosecorrelatos\/wp-json\/wp\/v2\/posts\/711\/revisions\/715"}],"wp:attachment":[{"href":"https:\/\/ultimato.com.br\/sites\/fatosecorrelatos\/wp-json\/wp\/v2\/media?parent=711"}],"wp:term":[{"taxonomy":"category","embeddable":true,"href":"https:\/\/ultimato.com.br\/sites\/fatosecorrelatos\/wp-json\/wp\/v2\/categories?post=711"},{"taxonomy":"post_tag","embeddable":true,"href":"https:\/\/ultimato.com.br\/sites\/fatosecorrelatos\/wp-json\/wp\/v2\/tags?post=711"}],"curies":[{"name":"wp","href":"https:\/\/api.w.org\/{rel}","templated":true}]}}