{"id":707,"date":"2011-09-06T07:29:09","date_gmt":"2011-09-06T10:29:09","guid":{"rendered":"http:\/\/ultimato.com.br\/sites\/fatosecorrelatos\/?p=707"},"modified":"2011-09-06T07:29:09","modified_gmt":"2011-09-06T10:29:09","slug":"dialogo-sobre-compromisso-social","status":"publish","type":"post","link":"https:\/\/ultimato.com.br\/sites\/fatosecorrelatos\/2011\/09\/06\/dialogo-sobre-compromisso-social\/","title":{"rendered":"Di\u00e1logo sobre compromisso social"},"content":{"rendered":"<p>&#8211; Me preocupa pensar que nosso compromisso social \u00e9 movido pela culpa. N\u00e3o deveria ser assim, certo? E a compaix\u00e3o, ela n\u00e3o deveria nos mover?<\/p>\n<p>&#8211; Sim, voc\u00ea tem raz\u00e3o, amigo. Mas se n\u00e3o estamos fazendo o que dever\u00edamos, se perdemos a sensibilidade e o compromisso social, quando percebemos isso, inevitavelmente sentimos culpa. Nesse sentido, ela deve existir. Ao mesmo tempo, a culpa n\u00e3o deve dominar nossas inten\u00e7\u00f5es, porque a quest\u00e3o n\u00e3o \u00e9 se estamos sendo uma &#8220;Madre Teresa&#8221; ou n\u00e3o. Mas sim se estamos sendo fi\u00e9is ao chamado de Deus para n\u00f3s hoje, com os recursos que temos. Al\u00e9m disso, a compaix\u00e3o \u00e9 valor do reino de Deus.<\/p>\n<p>&#8211; \u00c9 verdade.<\/p>\n<p>&#8211; Vemos hoje a hist\u00f3ria completa da Madre Teresa e imaginamos: &#8220;Que coisas grandiosas ela fez!&#8221; Mas ela pr\u00f3pria dizia que dever\u00edamos valorizar os pequenos gestos. Se vivemos em busca de &#8220;grandes feitos&#8221; iremos nos frustrar e ignorar os pequenos, mas valiosos. Isso se n\u00e3o cairmos na hipocrisia! O somat\u00f3rio das pequenas boas obras se transforma em milagre.<\/p>\n<p>&nbsp;<\/p>\n<p>&nbsp;<\/p>\n","protected":false},"excerpt":{"rendered":"<p>&#8211; Me preocupa pensar que nosso compromisso social \u00e9 movido pela culpa. N\u00e3o deveria ser assim, certo? E a compaix\u00e3o, ela n\u00e3o deveria nos mover? &#8211; Sim, voc\u00ea tem raz\u00e3o, amigo. Mas se n\u00e3o estamos fazendo o que dever\u00edamos, se perdemos a sensibilidade e o compromisso social, quando percebemos isso, inevitavelmente sentimos culpa. Nesse sentido, [&hellip;]<\/p>\n","protected":false},"author":12,"featured_media":0,"comment_status":"open","ping_status":"open","sticky":false,"template":"","format":"standard","meta":{"ngg_post_thumbnail":0,"footnotes":""},"categories":[9883],"tags":[],"class_list":["post-707","post","type-post","status-publish","format-standard","hentry","category-dialogos"],"_links":{"self":[{"href":"https:\/\/ultimato.com.br\/sites\/fatosecorrelatos\/wp-json\/wp\/v2\/posts\/707","targetHints":{"allow":["GET"]}}],"collection":[{"href":"https:\/\/ultimato.com.br\/sites\/fatosecorrelatos\/wp-json\/wp\/v2\/posts"}],"about":[{"href":"https:\/\/ultimato.com.br\/sites\/fatosecorrelatos\/wp-json\/wp\/v2\/types\/post"}],"author":[{"embeddable":true,"href":"https:\/\/ultimato.com.br\/sites\/fatosecorrelatos\/wp-json\/wp\/v2\/users\/12"}],"replies":[{"embeddable":true,"href":"https:\/\/ultimato.com.br\/sites\/fatosecorrelatos\/wp-json\/wp\/v2\/comments?post=707"}],"version-history":[{"count":3,"href":"https:\/\/ultimato.com.br\/sites\/fatosecorrelatos\/wp-json\/wp\/v2\/posts\/707\/revisions"}],"predecessor-version":[{"id":710,"href":"https:\/\/ultimato.com.br\/sites\/fatosecorrelatos\/wp-json\/wp\/v2\/posts\/707\/revisions\/710"}],"wp:attachment":[{"href":"https:\/\/ultimato.com.br\/sites\/fatosecorrelatos\/wp-json\/wp\/v2\/media?parent=707"}],"wp:term":[{"taxonomy":"category","embeddable":true,"href":"https:\/\/ultimato.com.br\/sites\/fatosecorrelatos\/wp-json\/wp\/v2\/categories?post=707"},{"taxonomy":"post_tag","embeddable":true,"href":"https:\/\/ultimato.com.br\/sites\/fatosecorrelatos\/wp-json\/wp\/v2\/tags?post=707"}],"curies":[{"name":"wp","href":"https:\/\/api.w.org\/{rel}","templated":true}]}}