{"id":704,"date":"2011-08-30T07:31:37","date_gmt":"2011-08-30T10:31:37","guid":{"rendered":"http:\/\/ultimato.com.br\/sites\/fatosecorrelatos\/?p=704"},"modified":"2011-08-30T07:31:37","modified_gmt":"2011-08-30T10:31:37","slug":"vida-vida","status":"publish","type":"post","link":"https:\/\/ultimato.com.br\/sites\/fatosecorrelatos\/2011\/08\/30\/vida-vida\/","title":{"rendered":"Vida! Vida!"},"content":{"rendered":"<p>A manh\u00e3 acorda. No ar, cheiro de vida. Vida: amada, bendita, fr\u00e1gil, mas com a esperan\u00e7a de eternidade.<\/p>\n<p>O sol que chega \u00e9 muito mais fugaz que a vida plena que Jesus nos d\u00e1. Incompar\u00e1vel.<\/p>\n<p>No entanto, melhor que vida plena \u00e9 vida plena compartilhada. \u00c9 mais doce, mais alegre, mais amorosa.<\/p>\n<p>Celebro hoje a vida compartilhada de minha querida esposa, Kelen. Feliz anivers\u00e1rio, Kel!<\/p>\n","protected":false},"excerpt":{"rendered":"<p>A manh\u00e3 acorda. No ar, cheiro de vida. Vida: amada, bendita, fr\u00e1gil, mas com a esperan\u00e7a de eternidade. O sol que chega \u00e9 muito mais fugaz que a vida plena que Jesus nos d\u00e1. Incompar\u00e1vel. No entanto, melhor que vida plena \u00e9 vida plena compartilhada. \u00c9 mais doce, mais alegre, mais amorosa. Celebro hoje a [&hellip;]<\/p>\n","protected":false},"author":12,"featured_media":0,"comment_status":"open","ping_status":"open","sticky":false,"template":"","format":"standard","meta":{"ngg_post_thumbnail":0,"footnotes":""},"categories":[7654,7652],"tags":[6095],"class_list":["post-704","post","type-post","status-publish","format-standard","hentry","category-cronicas","category-curtas","tag-vida"],"_links":{"self":[{"href":"https:\/\/ultimato.com.br\/sites\/fatosecorrelatos\/wp-json\/wp\/v2\/posts\/704","targetHints":{"allow":["GET"]}}],"collection":[{"href":"https:\/\/ultimato.com.br\/sites\/fatosecorrelatos\/wp-json\/wp\/v2\/posts"}],"about":[{"href":"https:\/\/ultimato.com.br\/sites\/fatosecorrelatos\/wp-json\/wp\/v2\/types\/post"}],"author":[{"embeddable":true,"href":"https:\/\/ultimato.com.br\/sites\/fatosecorrelatos\/wp-json\/wp\/v2\/users\/12"}],"replies":[{"embeddable":true,"href":"https:\/\/ultimato.com.br\/sites\/fatosecorrelatos\/wp-json\/wp\/v2\/comments?post=704"}],"version-history":[{"count":1,"href":"https:\/\/ultimato.com.br\/sites\/fatosecorrelatos\/wp-json\/wp\/v2\/posts\/704\/revisions"}],"predecessor-version":[{"id":706,"href":"https:\/\/ultimato.com.br\/sites\/fatosecorrelatos\/wp-json\/wp\/v2\/posts\/704\/revisions\/706"}],"wp:attachment":[{"href":"https:\/\/ultimato.com.br\/sites\/fatosecorrelatos\/wp-json\/wp\/v2\/media?parent=704"}],"wp:term":[{"taxonomy":"category","embeddable":true,"href":"https:\/\/ultimato.com.br\/sites\/fatosecorrelatos\/wp-json\/wp\/v2\/categories?post=704"},{"taxonomy":"post_tag","embeddable":true,"href":"https:\/\/ultimato.com.br\/sites\/fatosecorrelatos\/wp-json\/wp\/v2\/tags?post=704"}],"curies":[{"name":"wp","href":"https:\/\/api.w.org\/{rel}","templated":true}]}}