{"id":701,"date":"2011-08-22T15:44:09","date_gmt":"2011-08-22T18:44:09","guid":{"rendered":"http:\/\/ultimato.com.br\/sites\/fatosecorrelatos\/?p=701"},"modified":"2011-08-22T15:44:09","modified_gmt":"2011-08-22T18:44:09","slug":"fastio","status":"publish","type":"post","link":"https:\/\/ultimato.com.br\/sites\/fatosecorrelatos\/2011\/08\/22\/fastio\/","title":{"rendered":"Fastio"},"content":{"rendered":"<p><a href=\"http:\/\/ultimato.com.br\/sites\/fatosecorrelatos\/files\/2011\/08\/vazio.jpg\" class=\"lightview\" data-lightview-group=\"group-701\" data-lightview-options=\"skin: 'dark', controls: 'relative', padding: '10', shadow: { color: '#000000', opacity: 0.08, blur: 3 }\" data-lightview-title=\"vazio\"><img loading=\"lazy\" decoding=\"async\" class=\"alignleft size-medium wp-image-702\" title=\"vazio\" src=\"http:\/\/ultimato.com.br\/sites\/fatosecorrelatos\/files\/2011\/08\/vazio-300x220.jpg\" alt=\"\" width=\"300\" height=\"220\" srcset=\"https:\/\/ultimato.com.br\/sites\/fatosecorrelatos\/files\/2011\/08\/vazio-300x220.jpg 300w, https:\/\/ultimato.com.br\/sites\/fatosecorrelatos\/files\/2011\/08\/vazio-150x110.jpg 150w, https:\/\/ultimato.com.br\/sites\/fatosecorrelatos\/files\/2011\/08\/vazio.jpg 400w\" sizes=\"auto, (max-width: 300px) 100vw, 300px\" \/><\/a>A mente, inquieta, abre portas, mas n\u00e3o consegue desenhar os c\u00f4modos da casa. N\u00e3o faltam ideias, mas sim escrita. Neste jejum de textos, escrevo uma metalinguagem. Vale corrigir: n\u00e3o \u00e9 jejum, porque n\u00e3o \u00e9 volunt\u00e1rio. Fastio, talvez.<\/p>\n<p>Quem sabe apenas a evid\u00eancia de que a vida est\u00e1 muito boa para que eu me d\u00ea ao trabalho de gastar tempo registrando-a. Ou seria pregui\u00e7a? Tanto faz. Ou nada faz. A verdade \u00e9 que nesta ditadura dos blogs, a satisfa\u00e7\u00e3o da escrita pode se tornar uma fria obriga\u00e7\u00e3o. E pior do que n\u00e3o escrever, \u00e9 escrever sem vontade. Desrespeito ao nobre of\u00edcio. Deus me livre desse mal!<\/p>\n<p>Na crise, \u00e9 poss\u00edvel reinventar-se. E agora reinvento minha pr\u00f3pria car\u00eancia e incompet\u00eancia de reda\u00e7\u00e3o. Pois eis aqui um texto sobre a falta de texto. Que sua leitura n\u00e3o seja sem gosto, pois que \u00e9 sincero o drama. Ou n\u00e3o seria dram\u00e1tico ter um infinito mar adiante e n\u00e3o poder naveg\u00e1-lo? Ter a sede das palavras e n\u00e3o poder saci\u00e1-la?<\/p>\n<p>&nbsp;<\/p>\n","protected":false},"excerpt":{"rendered":"<p>A mente, inquieta, abre portas, mas n\u00e3o consegue desenhar os c\u00f4modos da casa. N\u00e3o faltam ideias, mas sim escrita. Neste jejum de textos, escrevo uma metalinguagem. Vale corrigir: n\u00e3o \u00e9 jejum, porque n\u00e3o \u00e9 volunt\u00e1rio. Fastio, talvez. Quem sabe apenas a evid\u00eancia de que a vida est\u00e1 muito boa para que eu me d\u00ea ao [&hellip;]<\/p>\n","protected":false},"author":12,"featured_media":0,"comment_status":"open","ping_status":"open","sticky":false,"template":"","format":"standard","meta":{"ngg_post_thumbnail":0,"footnotes":""},"categories":[7654],"tags":[7603,5501],"class_list":["post-701","post","type-post","status-publish","format-standard","hentry","category-cronicas","tag-cronicas-do-cotidiano","tag-escrever"],"_links":{"self":[{"href":"https:\/\/ultimato.com.br\/sites\/fatosecorrelatos\/wp-json\/wp\/v2\/posts\/701","targetHints":{"allow":["GET"]}}],"collection":[{"href":"https:\/\/ultimato.com.br\/sites\/fatosecorrelatos\/wp-json\/wp\/v2\/posts"}],"about":[{"href":"https:\/\/ultimato.com.br\/sites\/fatosecorrelatos\/wp-json\/wp\/v2\/types\/post"}],"author":[{"embeddable":true,"href":"https:\/\/ultimato.com.br\/sites\/fatosecorrelatos\/wp-json\/wp\/v2\/users\/12"}],"replies":[{"embeddable":true,"href":"https:\/\/ultimato.com.br\/sites\/fatosecorrelatos\/wp-json\/wp\/v2\/comments?post=701"}],"version-history":[{"count":1,"href":"https:\/\/ultimato.com.br\/sites\/fatosecorrelatos\/wp-json\/wp\/v2\/posts\/701\/revisions"}],"predecessor-version":[{"id":703,"href":"https:\/\/ultimato.com.br\/sites\/fatosecorrelatos\/wp-json\/wp\/v2\/posts\/701\/revisions\/703"}],"wp:attachment":[{"href":"https:\/\/ultimato.com.br\/sites\/fatosecorrelatos\/wp-json\/wp\/v2\/media?parent=701"}],"wp:term":[{"taxonomy":"category","embeddable":true,"href":"https:\/\/ultimato.com.br\/sites\/fatosecorrelatos\/wp-json\/wp\/v2\/categories?post=701"},{"taxonomy":"post_tag","embeddable":true,"href":"https:\/\/ultimato.com.br\/sites\/fatosecorrelatos\/wp-json\/wp\/v2\/tags?post=701"}],"curies":[{"name":"wp","href":"https:\/\/api.w.org\/{rel}","templated":true}]}}