{"id":684,"date":"2011-07-19T06:44:51","date_gmt":"2011-07-19T09:44:51","guid":{"rendered":"http:\/\/ultimato.com.br\/sites\/fatosecorrelatos\/?p=684"},"modified":"2011-07-19T06:44:51","modified_gmt":"2011-07-19T09:44:51","slug":"a-dificil-pergunta","status":"publish","type":"post","link":"https:\/\/ultimato.com.br\/sites\/fatosecorrelatos\/2011\/07\/19\/a-dificil-pergunta\/","title":{"rendered":"A dif\u00edcil pergunta"},"content":{"rendered":"<p>Por anos a pergunta de Jesus para Pedro me intriga: \u201ctu me amas?\u201d. Acho muito dif\u00edcil respond\u00ea-la. Como amar (ato concreto, presente e vis\u00edvel) algu\u00e9m invis\u00edvel? Quando afirmo em can\u00e7\u00f5es, em ora\u00e7\u00f5es e em conversas religiosas que \u201camo a Deus\u201d ser\u00e1 que tenho sido, de fato, honesto?<\/p>\n<p>A hist\u00f3ria de Pedro me prova que \u00e9 poss\u00edvel a algu\u00e9m cair na armadilha de dizer que ama a Deus, mas n\u00e3o am\u00e1-lo quando as circunst\u00e2ncias o levam para fora do espa\u00e7o seguro da religiosidade.<\/p>\n<p>Olho para dentro de mim, e preciso confessar: ainda n\u00e3o sei conjugar perfeitamente a convic\u00e7\u00e3o do amor de Deus por mim com a certeza de que o amo. Muitas vezes, h\u00e1 um v\u00e1cuo dif\u00edcil de explicar. Exatamente nestes momentos me identifico com Pedro no vazio entre o ideal e o real.<\/p>\n<p>Entretanto, as palavras do amado ap\u00f3stolo Jo\u00e3o me iluminam (1 Jo\u00e3o 2.5):<\/p>\n<blockquote><p>\u201cAquele, entretanto, que guarda a sua palavra, nele, verdadeiramente, tem sido aperfei\u00e7oado o amor de Deus.\u201d (RA)<\/p>\n<p>\u201cPor\u00e9m, se obedecemos aos ensinamentos de Deus, sabemos que amamos a Deus de todo o nosso cora\u00e7\u00e3o.\u201d (NTLH)<\/p>\n<p>\u201cMas, se algu\u00e9m obedece \u00e0 sua palavra, nele verdadeiramente o amor de Deus est\u00e1 aperfei\u00e7oado.\u201d (NVI).<\/p><\/blockquote>\n<p>Jo\u00e3o me ensina que a certeza da mutualidade do amor entre Deus e eu \u00e9 aperfei\u00e7oada (completada, levada at\u00e9 o fim, melhorada) pela pr\u00e1tica da obedi\u00eancia. N\u00e3o uma obedi\u00eancia superficial, dogm\u00e1tica, boba, sem consci\u00eancia, mas sim uma vida que decidiu seguir os passos de Jesus (2.6). A partir da\u00ed, a pergunta \u201ctu me amas?\u201d ganha sentido na hist\u00f3ria, ganha responsabilidade diante de todos, mas principalmente diante de Deus e de minha consci\u00eancia.<\/p>\n<p>A obedi\u00eancia, longe de ser um fardo, \u00e9 uma oportunidade de Deus para que eu amadure\u00e7a em seu amor. Quando me embrenho nos caminhos de Jesus, descubro a constitui\u00e7\u00e3o deste amor t\u00e3o incr\u00edvel, me entrego a ele, e me deixo ser transformado. Deixa de ser uma quest\u00e3o meramente sentimental e passa a ser uma vida inteira marcada pela quase inacredit\u00e1vel doa\u00e7\u00e3o do Deus que se faz continuamente presente.<\/p>\n<p>\u00c9 verdade que nem sempre vou perceber as mudan\u00e7as de imediato, mas no fundo sei que a dif\u00edcil pergunta que teima em voltar tem sido respondida sinceramente em meu cora\u00e7\u00e3o. \u201cTu me amas?\u201d.  \u201cSenhor, tu sabes todas as coisas e sabes que te amo\u201d.<\/p>\n","protected":false},"excerpt":{"rendered":"<p>Por anos a pergunta de Jesus para Pedro me intriga: \u201ctu me amas?\u201d. Acho muito dif\u00edcil respond\u00ea-la. Como amar (ato concreto, presente e vis\u00edvel) algu\u00e9m invis\u00edvel? Quando afirmo em can\u00e7\u00f5es, em ora\u00e7\u00f5es e em conversas religiosas que \u201camo a Deus\u201d ser\u00e1 que tenho sido, de fato, honesto? A hist\u00f3ria de Pedro me prova que \u00e9 [&hellip;]<\/p>\n","protected":false},"author":12,"featured_media":0,"comment_status":"open","ping_status":"open","sticky":false,"template":"","format":"standard","meta":{"ngg_post_thumbnail":0,"footnotes":""},"categories":[114],"tags":[5206,5444,4783,5664,9880,198],"class_list":["post-684","post","type-post","status-publish","format-standard","hentry","category-artigos","tag-amor","tag-deus","tag-espiritualidade","tag-joao","tag-obediencia","tag-pedro"],"_links":{"self":[{"href":"https:\/\/ultimato.com.br\/sites\/fatosecorrelatos\/wp-json\/wp\/v2\/posts\/684","targetHints":{"allow":["GET"]}}],"collection":[{"href":"https:\/\/ultimato.com.br\/sites\/fatosecorrelatos\/wp-json\/wp\/v2\/posts"}],"about":[{"href":"https:\/\/ultimato.com.br\/sites\/fatosecorrelatos\/wp-json\/wp\/v2\/types\/post"}],"author":[{"embeddable":true,"href":"https:\/\/ultimato.com.br\/sites\/fatosecorrelatos\/wp-json\/wp\/v2\/users\/12"}],"replies":[{"embeddable":true,"href":"https:\/\/ultimato.com.br\/sites\/fatosecorrelatos\/wp-json\/wp\/v2\/comments?post=684"}],"version-history":[{"count":3,"href":"https:\/\/ultimato.com.br\/sites\/fatosecorrelatos\/wp-json\/wp\/v2\/posts\/684\/revisions"}],"predecessor-version":[{"id":688,"href":"https:\/\/ultimato.com.br\/sites\/fatosecorrelatos\/wp-json\/wp\/v2\/posts\/684\/revisions\/688"}],"wp:attachment":[{"href":"https:\/\/ultimato.com.br\/sites\/fatosecorrelatos\/wp-json\/wp\/v2\/media?parent=684"}],"wp:term":[{"taxonomy":"category","embeddable":true,"href":"https:\/\/ultimato.com.br\/sites\/fatosecorrelatos\/wp-json\/wp\/v2\/categories?post=684"},{"taxonomy":"post_tag","embeddable":true,"href":"https:\/\/ultimato.com.br\/sites\/fatosecorrelatos\/wp-json\/wp\/v2\/tags?post=684"}],"curies":[{"name":"wp","href":"https:\/\/api.w.org\/{rel}","templated":true}]}}