{"id":678,"date":"2011-07-16T08:32:27","date_gmt":"2011-07-16T11:32:27","guid":{"rendered":"http:\/\/ultimato.com.br\/sites\/fatosecorrelatos\/?p=678"},"modified":"2011-07-18T19:12:01","modified_gmt":"2011-07-18T22:12:01","slug":"minha-rua-e-de-terra","status":"publish","type":"post","link":"https:\/\/ultimato.com.br\/sites\/fatosecorrelatos\/2011\/07\/16\/minha-rua-e-de-terra\/","title":{"rendered":"Minha rua \u00e9 de terra"},"content":{"rendered":"<div id=\"attachment_679\" style=\"width: 211px\" class=\"wp-caption alignleft\"><a href=\"http:\/\/ultimato.com.br\/sites\/fatosecorrelatos\/files\/2011\/07\/DSC_2930.jpg\" class=\"lightview\" data-lightview-group=\"group-678\" data-lightview-options=\"skin: 'dark', controls: 'relative', padding: '10', shadow: { color: '#000000', opacity: 0.08, blur: 3 }\" data-lightview-title=\"DSC_2930\"><img loading=\"lazy\" decoding=\"async\" aria-describedby=\"caption-attachment-679\" class=\"size-medium wp-image-679\" title=\"DSC_2930\" src=\"http:\/\/ultimato.com.br\/sites\/fatosecorrelatos\/files\/2011\/07\/DSC_2930-201x300.jpg\" alt=\"\" width=\"201\" height=\"300\" srcset=\"https:\/\/ultimato.com.br\/sites\/fatosecorrelatos\/files\/2011\/07\/DSC_2930-201x300.jpg 201w, https:\/\/ultimato.com.br\/sites\/fatosecorrelatos\/files\/2011\/07\/DSC_2930-100x150.jpg 100w, https:\/\/ultimato.com.br\/sites\/fatosecorrelatos\/files\/2011\/07\/DSC_2930.jpg 211w\" sizes=\"auto, (max-width: 201px) 100vw, 201px\" \/><\/a><p id=\"caption-attachment-679\" class=\"wp-caption-text\">Estrada de terra em Vi\u00e7osa (MG)<\/p><\/div>\n<p>\u00c9 manh\u00e3 e eu caminho no frio de Vi\u00e7osa (MG). Minha rua \u00e9 de terra em uma mista zona rural. N\u00e3o h\u00e1 flores \u00e0 beira de estradas de terra.<\/p>\n<p>Exercitar sim, mas tamb\u00e9m meditar. Meus olhos procuram a realidade, e n\u00e3o somente o destino.<\/p>\n<p>O cavalo calmamente come sua grama. As \u00e1rvores e os matos vestidos de poeira amarelada mais parecem aqueles garotos sujos, por\u00e9m satisfeitos por um dia de brincadeiras com os colegas. Por um momento, imagino a inveja dos amigos das cidades grandes.<\/p>\n<p>Chego pr\u00f3ximo de uma pequena igreja, simples, aparentemente perdida. Dois homens vigiam o local, mas dificilmente h\u00e1 algum perigo. As marcas da f\u00e9 persistem em um mundo cheio de poeira.<\/p>\n<p>Os port\u00f5es de madeira direcionam meus olhos para as muitas janelas de um antigo casar\u00e3o. Falamos tanto de liberdade, mas nossas casas perderam as janelas.<\/p>\n<p>Minha caminhada j\u00e1 dura 30 minutos, e eu decido retornar. Olho para baixo e vejo no ch\u00e3o as marcas da minha ida. Na volta, fa\u00e7o outras marcas ao lado das antigas. Parece que caminhei com os dois p\u00e9s juntos. Rio da minha pr\u00f3pria bobagem.<\/p>\n<p>Na volta, reencontro as paisagens e agora lembro que as segundas chances s\u00e3o t\u00e3o importantes quanto as primeiras. A mesma igreja, o mesmo cavalo, a mesma porteira, a mesma casa. Nem sempre a realidade \u00e9 algo novo. Mas \u00e9 vida.<\/p>\n<p>Chego em casa, j\u00e1 sem frio, mais descansado que cansado, satisfeito com a caminhada matinal. Quem dera fosse eu mais disciplinado e a transformasse em h\u00e1bito!<\/p>\n","protected":false},"excerpt":{"rendered":"<p>\u00c9 manh\u00e3 e eu caminho no frio de Vi\u00e7osa (MG). Minha rua \u00e9 de terra em uma mista zona rural. N\u00e3o h\u00e1 flores \u00e0 beira de estradas de terra. Exercitar sim, mas tamb\u00e9m meditar. Meus olhos procuram a realidade, e n\u00e3o somente o destino. O cavalo calmamente come sua grama. As \u00e1rvores e os matos [&hellip;]<\/p>\n","protected":false},"author":12,"featured_media":0,"comment_status":"open","ping_status":"open","sticky":false,"template":"","format":"standard","meta":{"ngg_post_thumbnail":0,"footnotes":""},"categories":[7654],"tags":[7619,7603,9879],"class_list":["post-678","post","type-post","status-publish","format-standard","hentry","category-cronicas","tag-caminho","tag-cronicas-do-cotidiano","tag-rural"],"_links":{"self":[{"href":"https:\/\/ultimato.com.br\/sites\/fatosecorrelatos\/wp-json\/wp\/v2\/posts\/678","targetHints":{"allow":["GET"]}}],"collection":[{"href":"https:\/\/ultimato.com.br\/sites\/fatosecorrelatos\/wp-json\/wp\/v2\/posts"}],"about":[{"href":"https:\/\/ultimato.com.br\/sites\/fatosecorrelatos\/wp-json\/wp\/v2\/types\/post"}],"author":[{"embeddable":true,"href":"https:\/\/ultimato.com.br\/sites\/fatosecorrelatos\/wp-json\/wp\/v2\/users\/12"}],"replies":[{"embeddable":true,"href":"https:\/\/ultimato.com.br\/sites\/fatosecorrelatos\/wp-json\/wp\/v2\/comments?post=678"}],"version-history":[{"count":5,"href":"https:\/\/ultimato.com.br\/sites\/fatosecorrelatos\/wp-json\/wp\/v2\/posts\/678\/revisions"}],"predecessor-version":[{"id":2019,"href":"https:\/\/ultimato.com.br\/sites\/fatosecorrelatos\/wp-json\/wp\/v2\/posts\/678\/revisions\/2019"}],"wp:attachment":[{"href":"https:\/\/ultimato.com.br\/sites\/fatosecorrelatos\/wp-json\/wp\/v2\/media?parent=678"}],"wp:term":[{"taxonomy":"category","embeddable":true,"href":"https:\/\/ultimato.com.br\/sites\/fatosecorrelatos\/wp-json\/wp\/v2\/categories?post=678"},{"taxonomy":"post_tag","embeddable":true,"href":"https:\/\/ultimato.com.br\/sites\/fatosecorrelatos\/wp-json\/wp\/v2\/tags?post=678"}],"curies":[{"name":"wp","href":"https:\/\/api.w.org\/{rel}","templated":true}]}}