{"id":666,"date":"2011-06-23T20:03:44","date_gmt":"2011-06-23T23:03:44","guid":{"rendered":"http:\/\/ultimato.com.br\/sites\/fatosecorrelatos\/?p=666"},"modified":"2011-06-23T20:03:44","modified_gmt":"2011-06-23T23:03:44","slug":"o-moderno-canto-da-sereia","status":"publish","type":"post","link":"https:\/\/ultimato.com.br\/sites\/fatosecorrelatos\/2011\/06\/23\/o-moderno-canto-da-sereia\/","title":{"rendered":"O moderno canto da sereia"},"content":{"rendered":"<p><a href=\"http:\/\/ultimato.com.br\/sites\/fatosecorrelatos\/files\/2011\/06\/Post-Canto-da-Sereia-1.jpg\" class=\"lightview\" data-lightview-group=\"group-666\" data-lightview-options=\"skin: 'dark', controls: 'relative', padding: '10', shadow: { color: '#000000', opacity: 0.08, blur: 3 }\" data-lightview-title=\"Post Canto da Sereia 1\"><img loading=\"lazy\" decoding=\"async\" class=\"alignleft size-full wp-image-667\" title=\"Post Canto da Sereia 1\" src=\"http:\/\/ultimato.com.br\/sites\/fatosecorrelatos\/files\/2011\/06\/Post-Canto-da-Sereia-1.jpg\" alt=\"\" width=\"250\" height=\"200\" srcset=\"https:\/\/ultimato.com.br\/sites\/fatosecorrelatos\/files\/2011\/06\/Post-Canto-da-Sereia-1.jpg 250w, https:\/\/ultimato.com.br\/sites\/fatosecorrelatos\/files\/2011\/06\/Post-Canto-da-Sereia-1-150x120.jpg 150w\" sizes=\"auto, (max-width: 250px) 100vw, 250px\" \/><\/a>Pela tela do meu computador enxergo a minha sereia. Linda, sedutora e que me olha com amor. Neste canto moderno, sou seduzido pelo vazio. Sem esfor\u00e7o, sem inseguran\u00e7a, sem pesar. Sua for\u00e7a est\u00e1 no fato de que o meu mundo individual \u00e9 regado pela satisfa\u00e7\u00e3o dos sentidos; n\u00e3o preciso de ningu\u00e9m \u2013 bastam imagens e cenas fabricadas pela ind\u00fastria da fantasia, dispon\u00edveis a um simples toque.<\/p>\n<p>Mal sabemos, no entanto, que \u00e9 bem real o desvio de rota que fazemos quando sucumbimos diante da fantasia. Abandonamos o que cremos, ignoramos o que amamos e nos perdemos na confus\u00e3o de sensa\u00e7\u00f5es gostosas.<\/p>\n<p>Estamos diante da perversa atra\u00e7\u00e3o do mundo virtual. E nos entregamos a ele, confundindo tal entrega com liberdade. Somos livres mesmo? Fazer o que o impulso prim\u00e1rio deseja \u00e9 ser livre? Se f\u00f4ssemos seres angelicais, talvez. Mas a hist\u00f3ria do mundo e nossa pr\u00f3pria experi\u00eancia pessoal confirmam: h\u00e1 uma guerra dentro de n\u00f3s. Ing\u00eanuo \u00e9 quem subestima a si mesmo. Como disse o escritor russo Fi\u00f3dor Dostoievsk, \u201cem todo homem, naturalmente, h\u00e1 um dem\u00f4nio escondido\u201d.<\/p>\n<p>O mundo virtual pode nos unir e nos ajudar a compreender a realidade, mas tamb\u00e9m pode se tornar nosso algoz quando confundimos a fantasia a n\u00f3s oferecida com o sentido real da vida. Somos pessoas comuns, nem sempre conseguimos dialogar com os outros, temos d\u00favidas, cometemos pecados, sofremos e fazemos sofrer. \u00c0s vezes, comemos al\u00e9m da conta, outras abra\u00e7amos os amigos com satisfa\u00e7\u00e3o. H\u00e1 noites em que lembramos da inf\u00e2ncia perdida e choramos. Somos pessoas normais, com erros e acertos. E podemos olhar para n\u00f3s mesmos, com honestidade, e dizer: \u201cpreciso melhorar nisso\u201d; \u201csou bom naquilo\u201d. Os v\u00edcios virtuais conspiram contra este olhar honesto, e nos fazem crer no canto da sereia. A trag\u00e9dia \u00e9 j\u00e1 n\u00e3o ansiarmos por reden\u00e7\u00e3o, por n\u00e3o sabermos mais onde estamos e quem somos.<\/p>\n<p>Da\u00ed um conselho para mim mesmo (e, se voc\u00ea aceitar, para voc\u00ea tamb\u00e9m): antes de mergulhar nas \u00e1guas infinitas das p\u00e1ginas virtuais, lave-se na verdade sobre voc\u00ea. N\u00e3o permita que a ilus\u00e3o do mundo da internet domine sua vida \u2013 por mais imperfeita que ela seja, \u00e9 a sua pr\u00f3pria vida. E n\u00e3o h\u00e1 nenhuma outra.<\/p>\n","protected":false},"excerpt":{"rendered":"<p>Pela tela do meu computador enxergo a minha sereia. Linda, sedutora e que me olha com amor. Neste canto moderno, sou seduzido pelo vazio. Sem esfor\u00e7o, sem inseguran\u00e7a, sem pesar. Sua for\u00e7a est\u00e1 no fato de que o meu mundo individual \u00e9 regado pela satisfa\u00e7\u00e3o dos sentidos; n\u00e3o preciso de ningu\u00e9m \u2013 bastam imagens e [&hellip;]<\/p>\n","protected":false},"author":12,"featured_media":0,"comment_status":"open","ping_status":"open","sticky":false,"template":"","format":"standard","meta":{"ngg_post_thumbnail":0,"footnotes":""},"categories":[114],"tags":[9877,5643,9870,9875],"class_list":["post-666","post","type-post","status-publish","format-standard","hentry","category-artigos","tag-identidade","tag-internet","tag-realidade","tag-vicios-virtuais"],"_links":{"self":[{"href":"https:\/\/ultimato.com.br\/sites\/fatosecorrelatos\/wp-json\/wp\/v2\/posts\/666","targetHints":{"allow":["GET"]}}],"collection":[{"href":"https:\/\/ultimato.com.br\/sites\/fatosecorrelatos\/wp-json\/wp\/v2\/posts"}],"about":[{"href":"https:\/\/ultimato.com.br\/sites\/fatosecorrelatos\/wp-json\/wp\/v2\/types\/post"}],"author":[{"embeddable":true,"href":"https:\/\/ultimato.com.br\/sites\/fatosecorrelatos\/wp-json\/wp\/v2\/users\/12"}],"replies":[{"embeddable":true,"href":"https:\/\/ultimato.com.br\/sites\/fatosecorrelatos\/wp-json\/wp\/v2\/comments?post=666"}],"version-history":[{"count":3,"href":"https:\/\/ultimato.com.br\/sites\/fatosecorrelatos\/wp-json\/wp\/v2\/posts\/666\/revisions"}],"predecessor-version":[{"id":670,"href":"https:\/\/ultimato.com.br\/sites\/fatosecorrelatos\/wp-json\/wp\/v2\/posts\/666\/revisions\/670"}],"wp:attachment":[{"href":"https:\/\/ultimato.com.br\/sites\/fatosecorrelatos\/wp-json\/wp\/v2\/media?parent=666"}],"wp:term":[{"taxonomy":"category","embeddable":true,"href":"https:\/\/ultimato.com.br\/sites\/fatosecorrelatos\/wp-json\/wp\/v2\/categories?post=666"},{"taxonomy":"post_tag","embeddable":true,"href":"https:\/\/ultimato.com.br\/sites\/fatosecorrelatos\/wp-json\/wp\/v2\/tags?post=666"}],"curies":[{"name":"wp","href":"https:\/\/api.w.org\/{rel}","templated":true}]}}