{"id":653,"date":"2011-06-13T09:20:31","date_gmt":"2011-06-13T12:20:31","guid":{"rendered":"http:\/\/ultimato.com.br\/sites\/fatosecorrelatos\/?p=653"},"modified":"2011-06-13T09:20:31","modified_gmt":"2011-06-13T12:20:31","slug":"a-vida-num-improvisado-corredor-de-alimentacao","status":"publish","type":"post","link":"https:\/\/ultimato.com.br\/sites\/fatosecorrelatos\/2011\/06\/13\/a-vida-num-improvisado-corredor-de-alimentacao\/","title":{"rendered":"A vida num improvisado corredor de alimenta\u00e7\u00e3o"},"content":{"rendered":"<p>Sexta-feira. Clima frio. O som do bai\u00e3o de Luis Gonzaga retransmitido por um radinho da vendedora toma conta do ambiente. Sento-me na cadeira de pl\u00e1stico branca. Coloco minhas mochilas no ch\u00e3o e aguardo minha esposa Kelen voltar. Estamos em uma feira popular de roupas de inverno em Belo Horizonte (MG). Acabei de beber um suco de laranja com acerola (artificial), e agora com as m\u00e3os vazias, vem a vontade escrever.<\/p>\n<p>Estou num pequeno corredor improvisado ao lado da feira, reservado para barracas de lanche cobertas com lonas brancas. Caldos, salgados, bebidas, churrasquinhos, canjica, achocolatados&#8230;<\/p>\n<p>Em uma mesa em frente da minha vejo duas senhoras sorvendo lentamente seus caldos em tigelinhas descart\u00e1veis. Parecem descansando.<\/p>\n<p>Por tr\u00eas vezes vejo passar uma senhora com ferramentas e material de limpeza. Est\u00e1 trabalhando. N\u00e3o \u00e9 notada por ningu\u00e9m, mas na minha observa\u00e7\u00e3o despretensiosa, me pergunto: \u201cqual deve ser a hist\u00f3ria desta mulher? Est\u00e1 em tempos de escassez e preocupada com a fam\u00edlia? Sente-se digna do trabalho, mesmo ganhando pouco? \u00c9 apenas um bico no fim de semana? Seria uma solteirona frustrada com a vida que n\u00e3o lhe deu muitas oportunidades?\u201d. Minha mente divaga, mas n\u00e3o tenho resposta. Sinto compaix\u00e3o. Ela continua andando de l\u00e1 para c\u00e1 por toda a feira, retirando o lixo que deixamos para tr\u00e1s.<\/p>\n<p>Olho novamente para a mesa da dupla de senhoras e as vejo brindando com dois copos descart\u00e1veis de cerveja da marca <em>Heineken<\/em>. O que elas estariam celebrando? Seria apenas o prazer da companhia uma da outra? Alguma data especial? Ou n\u00e3o h\u00e1 motivo algum. T\u00e3o somente o costume de registrar a oportunidade de beber amigavelmente e sem pressa?<\/p>\n<p>\u00c0 esquerda, uma mo\u00e7a desmontando cabides. Exatamente na minha frente, um homem \u2013 possivelmente o dono de uma das barracas de comida \u2013 puxando assunto com as duas senhoras, enquanto tamb\u00e9m bebe um copo de cerveja.<\/p>\n<p>O barulho no nosso \u201ccorredor de alimenta\u00e7\u00e3o\u201d aumenta. O som de Luis Gonzaga continua, mas tamb\u00e9m j\u00e1 posso ouvir mais vozes dos vendedores e clientes. Pedidos, perguntas, respostas.<\/p>\n<p>Uma jovem senhora, bem vestida e aparentemente abastada, acaba de comprar um caldo de feij\u00e3o.<\/p>\n<p>L\u00e1 no fundo, j\u00e1 fora do corredor, um homem carrega um carrinho com tr\u00eas grandes sacos escuros \u2013 provavelmente roupas prestes a serem vendidas ou somente expostas nas prateleiras por serem ref\u00e9ns dos olhares indecisos de compradores como minha esposa.<\/p>\n<p>Para todos os lados, vejo bocas mastigando. Fome e prazer.<\/p>\n<p>\u201cSe eu provei? N\u00e3o provei foi nada!\u201d, grita um homem.<\/p>\n<p>\u201cDepois voc\u00ea vem aqui provar o meu caldo\u201d, diz uma cozinheira.<\/p>\n<p>S\u00e3o 19h17. Ainda aguardo Kelen, que acabou de aparecer apenas para avisar que n\u00e3o conseguiu escolher o casaco que deseja. Ela volta para a feira e eu continuo sentado na cadeira de pl\u00e1stico.<\/p>\n<p>Sabe aquelas duas senhoras da mesa em frente? Agora elas est\u00e3o, cada uma, com um espetinho de churrasco na m\u00e3o. O chope est\u00e1 pela metade, e enquanto se esfor\u00e7am para comer os peda\u00e7os de carne fincados nos espetos, me d\u00e3o a impress\u00e3o de que curtem o programa de sexta-feira \u00e0 noite na feira de roupas de inverno. Conversam com satisfa\u00e7\u00e3o, e suas sacolas de compras ocupam mais duas cadeiras.<\/p>\n<p>Aqui a vida corre por todos os lados, num prisma interessante de hist\u00f3rias e personagens do cotidiano. Pequenos dramas, pequenos prazeres, desesperan\u00e7as, esperas. E eu apenas sentado, mas curioso, me sinto privilegiado por observar tudo isso e poder registrar algo do sentido ordin\u00e1rio da exist\u00eancia em meu caderninho de 102&#215;152 mm.<\/p>\n<p>PS.: Ah! Antes de terminar esta cr\u00f4nica, \u00e9 necess\u00e1rio um \u00faltimo registro: as duas senhoras pediram mais dois chopes.<\/p>\n","protected":false},"excerpt":{"rendered":"<p>Estou num pequeno corredor improvisado ao lado da feira, reservado para barracas de lanche cobertas com lonas brancas. Caldos, salgados, bebidas, churrasquinhos, canjica, achocolatados&#8230;<\/p>\n","protected":false},"author":12,"featured_media":0,"comment_status":"open","ping_status":"open","sticky":false,"template":"","format":"standard","meta":{"ngg_post_thumbnail":0,"footnotes":""},"categories":[7654],"tags":[7604,7603],"class_list":["post-653","post","type-post","status-publish","format-standard","hentry","category-cronicas","tag-cronicas-de-viagem","tag-cronicas-do-cotidiano"],"_links":{"self":[{"href":"https:\/\/ultimato.com.br\/sites\/fatosecorrelatos\/wp-json\/wp\/v2\/posts\/653","targetHints":{"allow":["GET"]}}],"collection":[{"href":"https:\/\/ultimato.com.br\/sites\/fatosecorrelatos\/wp-json\/wp\/v2\/posts"}],"about":[{"href":"https:\/\/ultimato.com.br\/sites\/fatosecorrelatos\/wp-json\/wp\/v2\/types\/post"}],"author":[{"embeddable":true,"href":"https:\/\/ultimato.com.br\/sites\/fatosecorrelatos\/wp-json\/wp\/v2\/users\/12"}],"replies":[{"embeddable":true,"href":"https:\/\/ultimato.com.br\/sites\/fatosecorrelatos\/wp-json\/wp\/v2\/comments?post=653"}],"version-history":[{"count":3,"href":"https:\/\/ultimato.com.br\/sites\/fatosecorrelatos\/wp-json\/wp\/v2\/posts\/653\/revisions"}],"predecessor-version":[{"id":656,"href":"https:\/\/ultimato.com.br\/sites\/fatosecorrelatos\/wp-json\/wp\/v2\/posts\/653\/revisions\/656"}],"wp:attachment":[{"href":"https:\/\/ultimato.com.br\/sites\/fatosecorrelatos\/wp-json\/wp\/v2\/media?parent=653"}],"wp:term":[{"taxonomy":"category","embeddable":true,"href":"https:\/\/ultimato.com.br\/sites\/fatosecorrelatos\/wp-json\/wp\/v2\/categories?post=653"},{"taxonomy":"post_tag","embeddable":true,"href":"https:\/\/ultimato.com.br\/sites\/fatosecorrelatos\/wp-json\/wp\/v2\/tags?post=653"}],"curies":[{"name":"wp","href":"https:\/\/api.w.org\/{rel}","templated":true}]}}