{"id":65,"date":"2007-02-24T00:53:00","date_gmt":"2007-02-24T03:53:00","guid":{"rendered":"http:\/\/ultimato.com.br\/sites\/fatosecorrelatos\/2007\/02\/24\/oracao-do-caminheiro\/"},"modified":"2010-09-24T17:26:58","modified_gmt":"2010-09-24T20:26:58","slug":"oracao-do-caminheiro","status":"publish","type":"post","link":"https:\/\/ultimato.com.br\/sites\/fatosecorrelatos\/2007\/02\/24\/oracao-do-caminheiro\/","title":{"rendered":"Ora\u00e7\u00e3o do Caminheiro"},"content":{"rendered":"<p>\u00d3 Senhor Deus!<br \/>Na estrada longa, as pedras machucam meus p\u00e9s.<br \/>\u00c0 espera pelo sol, a aurora cintila a ang\u00fastia de meu cora\u00e7\u00e3o.<br \/>Vem, aplaina a terra na qual piso, <em>torna firme o meu caminho<\/em>.<\/p>\n<p>Na jornada da vida, meu corpo d\u00f3i e meus l\u00e1bios silenciam.<br \/>\u00c0 espera pela chuva, o vento sopra palavras em meus ouvidos.<br \/>Vem, acalma a tempestade dentro de mim, <em>torna firme o meu caminho<\/em>.<\/p>\n<p>Na confus\u00e3o das minhas incertezas, minha mente sofre tenta\u00e7\u00f5es.<br \/>\u00c0 espera pela luz, as estrelas brilham tua gra\u00e7a em meus olhos.<br \/>Vem, ilumina a noite que me assola, <em>torna firme o meu caminho<\/em>.<\/p>\n<p>Na decep\u00e7\u00e3o da derrota, minhas m\u00e3os e punhos enfraquecem.<br \/>\u00c0 espera pelo horizonte, as montanhas revelam tua santidade infinda.<br \/>Vem, restaura minha esperan\u00e7a, <em>torna firme o meu caminho<\/em>.<\/p>\n<p>\u00d3 Senhor Deus!<br \/>Sara meus p\u00e9s, alivia meu corpo,<br \/>Protege minha mente e fortalece minhas m\u00e3os.<\/p>\n<p>Pelo teu amor leal e para tua gl\u00f3ria,<br \/><em>Torna-me firme em teu Caminho<\/em>,<br \/>Pois n\u00e3o h\u00e1 outro digno de ser percorrido.<br \/>Em nome de Jesus, am\u00e9m.<\/p>\n<p><em>Liss\u00e2nder Dias (24.02.2007)<\/em><\/p>\n","protected":false},"excerpt":{"rendered":"<p>\u00d3 Senhor Deus!Na estrada longa, as pedras machucam meus p\u00e9s.\u00c0 espera pelo sol, a aurora cintila a ang\u00fastia de meu cora\u00e7\u00e3o.Vem, aplaina a terra na qual piso, torna firme o meu caminho. Na jornada da vida, meu corpo d\u00f3i e meus l\u00e1bios silenciam.\u00c0 espera pela chuva, o vento sopra palavras em meus ouvidos.Vem, acalma a [&hellip;]<\/p>\n","protected":false},"author":12,"featured_media":0,"comment_status":"open","ping_status":"open","sticky":false,"template":"","format":"standard","meta":{"ngg_post_thumbnail":0,"footnotes":""},"categories":[7655],"tags":[124,160],"class_list":["post-65","post","type-post","status-publish","format-standard","hentry","category-poesias","tag-oracao","tag-poesia"],"_links":{"self":[{"href":"https:\/\/ultimato.com.br\/sites\/fatosecorrelatos\/wp-json\/wp\/v2\/posts\/65","targetHints":{"allow":["GET"]}}],"collection":[{"href":"https:\/\/ultimato.com.br\/sites\/fatosecorrelatos\/wp-json\/wp\/v2\/posts"}],"about":[{"href":"https:\/\/ultimato.com.br\/sites\/fatosecorrelatos\/wp-json\/wp\/v2\/types\/post"}],"author":[{"embeddable":true,"href":"https:\/\/ultimato.com.br\/sites\/fatosecorrelatos\/wp-json\/wp\/v2\/users\/12"}],"replies":[{"embeddable":true,"href":"https:\/\/ultimato.com.br\/sites\/fatosecorrelatos\/wp-json\/wp\/v2\/comments?post=65"}],"version-history":[{"count":1,"href":"https:\/\/ultimato.com.br\/sites\/fatosecorrelatos\/wp-json\/wp\/v2\/posts\/65\/revisions"}],"predecessor-version":[{"id":232,"href":"https:\/\/ultimato.com.br\/sites\/fatosecorrelatos\/wp-json\/wp\/v2\/posts\/65\/revisions\/232"}],"wp:attachment":[{"href":"https:\/\/ultimato.com.br\/sites\/fatosecorrelatos\/wp-json\/wp\/v2\/media?parent=65"}],"wp:term":[{"taxonomy":"category","embeddable":true,"href":"https:\/\/ultimato.com.br\/sites\/fatosecorrelatos\/wp-json\/wp\/v2\/categories?post=65"},{"taxonomy":"post_tag","embeddable":true,"href":"https:\/\/ultimato.com.br\/sites\/fatosecorrelatos\/wp-json\/wp\/v2\/tags?post=65"}],"curies":[{"name":"wp","href":"https:\/\/api.w.org\/{rel}","templated":true}]}}