{"id":644,"date":"2011-05-31T10:45:32","date_gmt":"2011-05-31T13:45:32","guid":{"rendered":"http:\/\/ultimato.com.br\/sites\/fatosecorrelatos\/?p=644"},"modified":"2011-05-31T10:45:32","modified_gmt":"2011-05-31T13:45:32","slug":"16-motivos-para-voce-orar-pelas-criancas-em-risco","status":"publish","type":"post","link":"https:\/\/ultimato.com.br\/sites\/fatosecorrelatos\/2011\/05\/31\/16-motivos-para-voce-orar-pelas-criancas-em-risco\/","title":{"rendered":"16 motivos para voc\u00ea orar pelas crian\u00e7as em risco"},"content":{"rendered":"<ol>\n<li><a href=\"http:\/\/ultimato.com.br\/sites\/fatosecorrelatos\/files\/2011\/05\/16.jpg\" class=\"lightview\" data-lightview-group=\"group-644\" data-lightview-options=\"skin: 'dark', controls: 'relative', padding: '10', shadow: { color: '#000000', opacity: 0.08, blur: 3 }\" data-lightview-title=\"16\"><img loading=\"lazy\" decoding=\"async\" class=\"size-medium wp-image-645 alignright\" title=\"16\" src=\"http:\/\/ultimato.com.br\/sites\/fatosecorrelatos\/files\/2011\/05\/16-300x300.jpg\" alt=\"\" width=\"180\" height=\"180\" srcset=\"https:\/\/ultimato.com.br\/sites\/fatosecorrelatos\/files\/2011\/05\/16-300x300.jpg 300w, https:\/\/ultimato.com.br\/sites\/fatosecorrelatos\/files\/2011\/05\/16-150x150.jpg 150w, https:\/\/ultimato.com.br\/sites\/fatosecorrelatos\/files\/2011\/05\/16-80x80.jpg 80w, https:\/\/ultimato.com.br\/sites\/fatosecorrelatos\/files\/2011\/05\/16.jpg 320w\" sizes=\"auto, (max-width: 180px) 100vw, 180px\" \/><\/a>Porque a ora\u00e7\u00e3o do justo \u00e9 poderosa e eficaz (Tg 5.16)<\/li>\n<li>Porque Deus tem um cuidado especial para com os pequeninos (Mt 19.13-15)<\/li>\n<li>Porque Deus nos d\u00e1 a responsabilidade de proteger os pequeninos (Mt 18.6)<\/li>\n<li>Porque as crian\u00e7as s\u00e3o cidad\u00e3s do reino de Deus (Mc 10.14) e fazem parte da nossa comunidade de f\u00e9.<\/li>\n<li>Porque as crian\u00e7as s\u00e3o nossos modelos de espiritualidade (Mt 18.  2-4) e a sociedade est\u00e1 destruindo nossos modelos cada vez mais cedo.<\/li>\n<li>Porque quando recebemos uma crian\u00e7a, recebemos o pr\u00f3prio Jesus Cristo (Mc 9.36,37).<\/li>\n<li>Porque a religi\u00e3o pura, que Deus aceita, \u00e9 cuidar dos \u00f3rf\u00e3os e das vi\u00favas, e n\u00e3o se deixar corromper com o mundo (Tg 1.27).<\/li>\n<li>Porque a paz entre crian\u00e7as, adultos e a natureza faz parte dos prop\u00f3sitos eternos de Deus na hist\u00f3ria (Is 11.6-9)<\/li>\n<li>Porque as crian\u00e7as s\u00e3o as primeiras a sofrer, j\u00e1 que est\u00e3o em  condi\u00e7\u00e3o especial de desenvolvimento e, por isso, s\u00e3o mais  vulnerabilidades.<\/li>\n<li>Porque muitas crian\u00e7as sofrem com a pobreza. Segundo o IBGE, 44,7%  das crian\u00e7as e adolescentes brasileiras de at\u00e9 17 anos viviam, em 2008,  com uma renda familiar <em>per capita<\/em> de meio sal\u00e1rio m\u00ednimo e 18,5% de \u00bc de sal\u00e1rio m\u00ednimo.<\/li>\n<li>Porque as crian\u00e7as e os adolescentes s\u00e3o as maiores v\u00edtimas da  viol\u00eancia. Estima-se entre 500 milh\u00f5es e 1,5 bilh\u00e3o o n\u00famero de crian\u00e7as  submetidas anualmente \u00e0 viol\u00eancia.<\/li>\n<li>Porque proteger as crian\u00e7as \u00e9 proteger a sociedade.<\/li>\n<li>Porque quando oramos pelas crian\u00e7as tamb\u00e9m estamos denunciando a  injusti\u00e7a no mundo e, com o c\u00e2ntico dos rec\u00e9m-nascidos, silenciamos os  inimigos de Deus (Sl 8.2).<\/li>\n<li>Porque se as crian\u00e7as se perderem na inf\u00e2ncia ser\u00e1 mais dif\u00edcil resgat\u00e1-las quando adultas.<\/li>\n<li>Porque quando oramos por outros nos tornamos mais sens\u00edveis a sua causa.<\/li>\n<li>Porque temos a chance de participar de um grande mutir\u00e3o de ora\u00e7\u00e3o  pelas crian\u00e7as em risco, que gera unidade e comunh\u00e3o. E isso s\u00f3 acontece  uma vez por ano (no primeiro fim de semana de junho).<\/li>\n<\/ol>\n<p><em>Participe do 16\u00ba Mutir\u00e3o de Ora\u00e7\u00e3o Por Crian\u00e7as e Adolescentes em Vulnerabilidade Social (pr\u00f3ximo fim de semana, come\u00e7ando na sexta e terminando no domingo).<\/em><\/p>\n<p>Mais informa\u00e7\u00f5es: <a href=\"www.maosdadas.org\/mmo\" target=\"_blank\">www.maosdadas.org\/mmo<\/a><\/p>\n","protected":false},"excerpt":{"rendered":"<p>Porque a ora\u00e7\u00e3o do justo \u00e9 poderosa e eficaz (Tg 5.16) Porque Deus tem um cuidado especial para com os pequeninos (Mt 19.13-15) Porque Deus nos d\u00e1 a responsabilidade de proteger os pequeninos (Mt 18.6) Porque as crian\u00e7as s\u00e3o cidad\u00e3s do reino de Deus (Mc 10.14) e fazem parte da nossa comunidade de f\u00e9. Porque [&hellip;]<\/p>\n","protected":false},"author":12,"featured_media":0,"comment_status":"open","ping_status":"open","sticky":false,"template":"","format":"standard","meta":{"ngg_post_thumbnail":0,"footnotes":""},"categories":[7652],"tags":[61,9868,124,9870,128,9869],"class_list":["post-644","post","type-post","status-publish","format-standard","hentry","category-curtas","tag-crianca","tag-mobilizacao","tag-oracao","tag-realidade","tag-rede-maos-dadas","tag-uniao"],"_links":{"self":[{"href":"https:\/\/ultimato.com.br\/sites\/fatosecorrelatos\/wp-json\/wp\/v2\/posts\/644","targetHints":{"allow":["GET"]}}],"collection":[{"href":"https:\/\/ultimato.com.br\/sites\/fatosecorrelatos\/wp-json\/wp\/v2\/posts"}],"about":[{"href":"https:\/\/ultimato.com.br\/sites\/fatosecorrelatos\/wp-json\/wp\/v2\/types\/post"}],"author":[{"embeddable":true,"href":"https:\/\/ultimato.com.br\/sites\/fatosecorrelatos\/wp-json\/wp\/v2\/users\/12"}],"replies":[{"embeddable":true,"href":"https:\/\/ultimato.com.br\/sites\/fatosecorrelatos\/wp-json\/wp\/v2\/comments?post=644"}],"version-history":[{"count":3,"href":"https:\/\/ultimato.com.br\/sites\/fatosecorrelatos\/wp-json\/wp\/v2\/posts\/644\/revisions"}],"predecessor-version":[{"id":648,"href":"https:\/\/ultimato.com.br\/sites\/fatosecorrelatos\/wp-json\/wp\/v2\/posts\/644\/revisions\/648"}],"wp:attachment":[{"href":"https:\/\/ultimato.com.br\/sites\/fatosecorrelatos\/wp-json\/wp\/v2\/media?parent=644"}],"wp:term":[{"taxonomy":"category","embeddable":true,"href":"https:\/\/ultimato.com.br\/sites\/fatosecorrelatos\/wp-json\/wp\/v2\/categories?post=644"},{"taxonomy":"post_tag","embeddable":true,"href":"https:\/\/ultimato.com.br\/sites\/fatosecorrelatos\/wp-json\/wp\/v2\/tags?post=644"}],"curies":[{"name":"wp","href":"https:\/\/api.w.org\/{rel}","templated":true}]}}