{"id":630,"date":"2011-05-18T08:23:48","date_gmt":"2011-05-18T11:23:48","guid":{"rendered":"http:\/\/ultimato.com.br\/sites\/fatosecorrelatos\/?p=630"},"modified":"2023-05-18T09:19:24","modified_gmt":"2023-05-18T12:19:24","slug":"oracao-pelas-criancas-em-risco-de-exploracao-sexual","status":"publish","type":"post","link":"https:\/\/ultimato.com.br\/sites\/fatosecorrelatos\/2011\/05\/18\/oracao-pelas-criancas-em-risco-de-exploracao-sexual\/","title":{"rendered":"Ora\u00e7\u00e3o Pelas Crian\u00e7as em Risco de Explora\u00e7\u00e3o Sexual"},"content":{"rendered":"<p><a href=\"http:\/\/ultimato.com.br\/sites\/fatosecorrelatos\/files\/2011\/05\/Exploracao_sexual_cartao.jpg\" class=\"lightview\" data-lightview-group=\"group-630\" data-lightview-options=\"skin: 'dark', controls: 'relative', padding: '10', shadow: { color: '#000000', opacity: 0.08, blur: 3 }\" data-lightview-title=\"Exploracao_sexual_cartao\"><img loading=\"lazy\" decoding=\"async\" class=\"alignright size-medium wp-image-631\" title=\"Exploracao_sexual_cartao\" src=\"http:\/\/ultimato.com.br\/sites\/fatosecorrelatos\/files\/2011\/05\/Exploracao_sexual_cartao-300x200.jpg\" alt=\"\" width=\"300\" height=\"200\" srcset=\"https:\/\/ultimato.com.br\/sites\/fatosecorrelatos\/files\/2011\/05\/Exploracao_sexual_cartao-300x200.jpg 300w, https:\/\/ultimato.com.br\/sites\/fatosecorrelatos\/files\/2011\/05\/Exploracao_sexual_cartao-150x100.jpg 150w, https:\/\/ultimato.com.br\/sites\/fatosecorrelatos\/files\/2011\/05\/Exploracao_sexual_cartao.jpg 576w\" sizes=\"auto, (max-width: 300px) 100vw, 300px\" \/><\/a>Senhor Deus,<br \/>\nSoberano Pai de amor,<\/p>\n<p>Tu \u00e9s o Deus dos fracos e indefesos,<br \/>\nTu recebes os pequeninos em teus bra\u00e7os e sorris com eles.<br \/>\nTu colocas os menores em primeiro lugar no teu Reino.<\/p>\n<p><em>Ent\u00e3o, Senhor, por miseric\u00f3rdia, pedimos a ti:<br \/>\nCuida das nossas crian\u00e7as amea\u00e7adas pela explora\u00e7\u00e3o sexual!<br \/>\nColoca uma cerca de prote\u00e7\u00e3o em volta delas!<\/em><\/p>\n<p>Tu \u00e9s o Deus que restaura a dignidade,<br \/>\nPois Tu imprimiste a tua pr\u00f3pria imagem em n\u00f3s.<br \/>\nTeu Filho se fez crian\u00e7a e sentiu a vulnerabilidade.<\/p>\n<p><em>Ent\u00e3o, Senhor, por miseric\u00f3rdia, pedimos a ti:<br \/>\nCura as feridas dos pequeninos com corpos machucados, e lhes d\u00ea consolo!<br \/>\nTraga-os de volta \u00e0 vida santa e n\u00e3o permitas que a identidade deles seja destru\u00edda!<\/em><\/p>\n<p>Tu \u00e9s o Deus justo, que endireita o mundo e pune os injustos.<br \/>\nCom o teu Esp\u00edrito, tu sustentas o mundo com o bem e a justi\u00e7a,<br \/>\ne n\u00e3o permites que o mal ven\u00e7a.<br \/>\nTu defendes a causa do \u00f3rf\u00e3o e da vi\u00fava, e se alegra quando uma alma se arrepende.<\/p>\n<p><em>Ent\u00e3o, Senhor, por miseric\u00f3rdia, pedimos a ti:<br \/>\nColoca em ordem a vida das crian\u00e7as injusti\u00e7adas!<br \/>\nQue a compaix\u00e3o ande em companhia da justi\u00e7a!<br \/>\nD\u00ea a elas esperan\u00e7a de que o Senhor aplanar\u00e1 todos os montes, e dar\u00e1 a paz.<\/em><\/p>\n<p>Em nome do Pai, do Filho e do Esp\u00edrito Santo,<\/p>\n<p>Am\u00e9m.<\/p>\n","protected":false},"excerpt":{"rendered":"<p>Senhor Deus, Soberano Pai de amor, Tu \u00e9s o Deus dos fracos e indefesos, Tu recebes os pequeninos em teus bra\u00e7os e sorris com eles. Tu colocas os menores em primeiro lugar no teu Reino. Ent\u00e3o, Senhor, por miseric\u00f3rdia, pedimos a ti: Cuida das nossas crian\u00e7as amea\u00e7adas pela explora\u00e7\u00e3o sexual! Coloca uma cerca de prote\u00e7\u00e3o [&hellip;]<\/p>\n","protected":false},"author":12,"featured_media":0,"comment_status":"open","ping_status":"open","sticky":false,"template":"","format":"standard","meta":{"ngg_post_thumbnail":0,"footnotes":""},"categories":[114],"tags":[61,124],"class_list":["post-630","post","type-post","status-publish","format-standard","hentry","category-artigos","tag-crianca","tag-oracao"],"_links":{"self":[{"href":"https:\/\/ultimato.com.br\/sites\/fatosecorrelatos\/wp-json\/wp\/v2\/posts\/630","targetHints":{"allow":["GET"]}}],"collection":[{"href":"https:\/\/ultimato.com.br\/sites\/fatosecorrelatos\/wp-json\/wp\/v2\/posts"}],"about":[{"href":"https:\/\/ultimato.com.br\/sites\/fatosecorrelatos\/wp-json\/wp\/v2\/types\/post"}],"author":[{"embeddable":true,"href":"https:\/\/ultimato.com.br\/sites\/fatosecorrelatos\/wp-json\/wp\/v2\/users\/12"}],"replies":[{"embeddable":true,"href":"https:\/\/ultimato.com.br\/sites\/fatosecorrelatos\/wp-json\/wp\/v2\/comments?post=630"}],"version-history":[{"count":5,"href":"https:\/\/ultimato.com.br\/sites\/fatosecorrelatos\/wp-json\/wp\/v2\/posts\/630\/revisions"}],"predecessor-version":[{"id":2289,"href":"https:\/\/ultimato.com.br\/sites\/fatosecorrelatos\/wp-json\/wp\/v2\/posts\/630\/revisions\/2289"}],"wp:attachment":[{"href":"https:\/\/ultimato.com.br\/sites\/fatosecorrelatos\/wp-json\/wp\/v2\/media?parent=630"}],"wp:term":[{"taxonomy":"category","embeddable":true,"href":"https:\/\/ultimato.com.br\/sites\/fatosecorrelatos\/wp-json\/wp\/v2\/categories?post=630"},{"taxonomy":"post_tag","embeddable":true,"href":"https:\/\/ultimato.com.br\/sites\/fatosecorrelatos\/wp-json\/wp\/v2\/tags?post=630"}],"curies":[{"name":"wp","href":"https:\/\/api.w.org\/{rel}","templated":true}]}}