{"id":622,"date":"2011-05-10T22:59:27","date_gmt":"2011-05-11T01:59:27","guid":{"rendered":"http:\/\/ultimato.com.br\/sites\/fatosecorrelatos\/?p=622"},"modified":"2011-05-10T22:59:27","modified_gmt":"2011-05-11T01:59:27","slug":"o-menino","status":"publish","type":"post","link":"https:\/\/ultimato.com.br\/sites\/fatosecorrelatos\/2011\/05\/10\/o-menino\/","title":{"rendered":"O menino"},"content":{"rendered":"<p><em>Olha o menino!<\/em><br \/>\nSorri, com l\u00e1bios compridos.<br \/>\nVento, vem, vai, me leva.<br \/>\nAlegre brisa se esvai.<br \/>\nMinha vista n\u00e3o.<\/p>\n<p>Dedos, mi\u00fados, lisos,<br \/>\nToca meus sonhos<br \/>\nE diz: n\u00e3o vai embora.<\/p>\n<p>J\u00e1 n\u00e3o te vejo, mesmo a olhar.<br \/>\nCorredores escuros, passos curtos.<br \/>\nN\u00e3o se inventa o sol;<br \/>\nEle \u00e9 maior que a inven\u00e7\u00e3o.<\/p>\n<p>O menino espera,<br \/>\nSaltitando, sorrindo.<br \/>\nAguarda, em inebriante paz,<br \/>\nQuando confia naquele que chega.<\/p>\n<p>H\u00e1 uma verdade profunda,<br \/>\nJ\u00e1 esquecida h\u00e1 tempos.<br \/>\nDe t\u00e3o profunda, esquecida.<\/p>\n<p>N\u00e3o se vive sem esperar;<br \/>\nN\u00e3o se apercebe o menino<br \/>\nSem a esperan\u00e7a de que ele crescer\u00e1.<\/p>\n<p>Os olhos n\u00e3o se contentam<br \/>\ncom o que est\u00e1.<br \/>\nO que ser\u00e1 \u00e9 a pr\u00f3pria<br \/>\nraz\u00e3o do que \u00e9.<\/p>\n<p><em>Olha o menino!<\/em><br \/>\nEle brinca, ele cresce, ele espera pelo pai!<br \/>\nO menino sou eu.<br \/>\nO menino somos n\u00f3s.<\/p>\n","protected":false},"excerpt":{"rendered":"<p>Olha o menino! Sorri, com l\u00e1bios compridos. Vento, vem, vai, me leva. Alegre brisa se esvai. Minha vista n\u00e3o. Dedos, mi\u00fados, lisos, Toca meus sonhos E diz: n\u00e3o vai embora. J\u00e1 n\u00e3o te vejo, mesmo a olhar. Corredores escuros, passos curtos. N\u00e3o se inventa o sol; Ele \u00e9 maior que a inven\u00e7\u00e3o. O menino espera, [&hellip;]<\/p>\n","protected":false},"author":12,"featured_media":0,"comment_status":"open","ping_status":"open","sticky":false,"template":"","format":"standard","meta":{"ngg_post_thumbnail":0,"footnotes":""},"categories":[7655],"tags":[5506,7611,160],"class_list":["post-622","post","type-post","status-publish","format-standard","hentry","category-poesias","tag-esperanca","tag-infancia","tag-poesia"],"_links":{"self":[{"href":"https:\/\/ultimato.com.br\/sites\/fatosecorrelatos\/wp-json\/wp\/v2\/posts\/622","targetHints":{"allow":["GET"]}}],"collection":[{"href":"https:\/\/ultimato.com.br\/sites\/fatosecorrelatos\/wp-json\/wp\/v2\/posts"}],"about":[{"href":"https:\/\/ultimato.com.br\/sites\/fatosecorrelatos\/wp-json\/wp\/v2\/types\/post"}],"author":[{"embeddable":true,"href":"https:\/\/ultimato.com.br\/sites\/fatosecorrelatos\/wp-json\/wp\/v2\/users\/12"}],"replies":[{"embeddable":true,"href":"https:\/\/ultimato.com.br\/sites\/fatosecorrelatos\/wp-json\/wp\/v2\/comments?post=622"}],"version-history":[{"count":3,"href":"https:\/\/ultimato.com.br\/sites\/fatosecorrelatos\/wp-json\/wp\/v2\/posts\/622\/revisions"}],"predecessor-version":[{"id":625,"href":"https:\/\/ultimato.com.br\/sites\/fatosecorrelatos\/wp-json\/wp\/v2\/posts\/622\/revisions\/625"}],"wp:attachment":[{"href":"https:\/\/ultimato.com.br\/sites\/fatosecorrelatos\/wp-json\/wp\/v2\/media?parent=622"}],"wp:term":[{"taxonomy":"category","embeddable":true,"href":"https:\/\/ultimato.com.br\/sites\/fatosecorrelatos\/wp-json\/wp\/v2\/categories?post=622"},{"taxonomy":"post_tag","embeddable":true,"href":"https:\/\/ultimato.com.br\/sites\/fatosecorrelatos\/wp-json\/wp\/v2\/tags?post=622"}],"curies":[{"name":"wp","href":"https:\/\/api.w.org\/{rel}","templated":true}]}}