{"id":61,"date":"2006-12-06T10:40:00","date_gmt":"2006-12-06T13:40:00","guid":{"rendered":"http:\/\/ultimato.com.br\/sites\/fatosecorrelatos\/2006\/12\/06\/ouvindo-a-america-latina\/"},"modified":"2010-09-25T19:02:41","modified_gmt":"2010-09-25T22:02:41","slug":"ouvindo-a-america-latina","status":"publish","type":"post","link":"https:\/\/ultimato.com.br\/sites\/fatosecorrelatos\/2006\/12\/06\/ouvindo-a-america-latina\/","title":{"rendered":"Ouvindo a Am\u00e9rica Latina"},"content":{"rendered":"<p>Estou desde o dia 04, na Col\u00f4mbia (cidade de Paipa). Participo de um encontro latino-americano sobre inf\u00e2ncia e igreja.<\/p>\n<p>Tem sido muito interessante ouvir os irm\u00e3os e irm\u00e3s de outros pa\u00edses da Am\u00e9rica Latina. Eles t\u00eam muito o que nos ensinar, especialmente em como viver o evangelho diante dos problemas que nosso continente enfrenta hoje. Eles est\u00e3o fazendo uma teologia muito mais concreta para o nosso dia-a-dia do que n\u00f3s, brasileiros. Ali\u00e1s, n\u00f3s somos muito distantes deles (talvez, por um certo preconceito ou orgulho).<\/p>\n<p>Muitas igrejas da Am\u00e9rica Latina enfrentam poderes opressores em seus pa\u00edses, viol\u00eancia cometidas por verdadeiros governos paralelos (o que chamados de &#8220;governo paralelo&#8221; no Brasil nem se compara!), pobreza extrema e abuso contra crian\u00e7as e adolescentes em risco. E ao contr\u00e1rio de muitos pentecostais do Brasil (e tradicionais tamb\u00e9m), os daqui s\u00e3o muito mais ativos, articulados politicamente e conscientes da realidade.<\/p>\n<p>Precisamos nos aproximar de nossos &#8220;hermanos&#8221;, ouvir suas hist\u00f3rias, aprender com eles e renovar nossa espiritualidade olhando para a deles. Precisamos sair de nosso &#8220;ber\u00e7o espl\u00eandido&#8221;, que de espl\u00eandido n\u00e3o tem nada.<\/p>\n","protected":false},"excerpt":{"rendered":"<p>Estou desde o dia 04, na Col\u00f4mbia (cidade de Paipa). Participo de um encontro latino-americano sobre inf\u00e2ncia e igreja. Tem sido muito interessante ouvir os irm\u00e3os e irm\u00e3s de outros pa\u00edses da Am\u00e9rica Latina. Eles t\u00eam muito o que nos ensinar, especialmente em como viver o evangelho diante dos problemas que nosso continente enfrenta hoje. [&hellip;]<\/p>\n","protected":false},"author":12,"featured_media":0,"comment_status":"open","ping_status":"open","sticky":false,"template":"","format":"standard","meta":{"ngg_post_thumbnail":0,"footnotes":""},"categories":[7654],"tags":[7604],"class_list":["post-61","post","type-post","status-publish","format-standard","hentry","category-cronicas","tag-cronicas-de-viagem"],"_links":{"self":[{"href":"https:\/\/ultimato.com.br\/sites\/fatosecorrelatos\/wp-json\/wp\/v2\/posts\/61","targetHints":{"allow":["GET"]}}],"collection":[{"href":"https:\/\/ultimato.com.br\/sites\/fatosecorrelatos\/wp-json\/wp\/v2\/posts"}],"about":[{"href":"https:\/\/ultimato.com.br\/sites\/fatosecorrelatos\/wp-json\/wp\/v2\/types\/post"}],"author":[{"embeddable":true,"href":"https:\/\/ultimato.com.br\/sites\/fatosecorrelatos\/wp-json\/wp\/v2\/users\/12"}],"replies":[{"embeddable":true,"href":"https:\/\/ultimato.com.br\/sites\/fatosecorrelatos\/wp-json\/wp\/v2\/comments?post=61"}],"version-history":[{"count":1,"href":"https:\/\/ultimato.com.br\/sites\/fatosecorrelatos\/wp-json\/wp\/v2\/posts\/61\/revisions"}],"predecessor-version":[{"id":307,"href":"https:\/\/ultimato.com.br\/sites\/fatosecorrelatos\/wp-json\/wp\/v2\/posts\/61\/revisions\/307"}],"wp:attachment":[{"href":"https:\/\/ultimato.com.br\/sites\/fatosecorrelatos\/wp-json\/wp\/v2\/media?parent=61"}],"wp:term":[{"taxonomy":"category","embeddable":true,"href":"https:\/\/ultimato.com.br\/sites\/fatosecorrelatos\/wp-json\/wp\/v2\/categories?post=61"},{"taxonomy":"post_tag","embeddable":true,"href":"https:\/\/ultimato.com.br\/sites\/fatosecorrelatos\/wp-json\/wp\/v2\/tags?post=61"}],"curies":[{"name":"wp","href":"https:\/\/api.w.org\/{rel}","templated":true}]}}