{"id":591,"date":"2011-04-15T09:45:43","date_gmt":"2011-04-15T12:45:43","guid":{"rendered":"http:\/\/ultimato.com.br\/sites\/fatosecorrelatos\/?p=591"},"modified":"2011-04-15T09:45:54","modified_gmt":"2011-04-15T12:45:54","slug":"gladir-cabral-em-vicosa","status":"publish","type":"post","link":"https:\/\/ultimato.com.br\/sites\/fatosecorrelatos\/2011\/04\/15\/gladir-cabral-em-vicosa\/","title":{"rendered":"Gladir Cabral em Vi\u00e7osa"},"content":{"rendered":"<p>Dica do fim de semana! Para quem est\u00e1 em Vi\u00e7osa (MG), claro.<br \/>\nSe voc\u00ea n\u00e3o conhece o cantor, clique <a href=\"http:\/\/www.youtube.com\/watch?v=4_7bAF8Je-c\" target=\"_blank\">aqui<\/a><\/p>\n<p><a href=\"http:\/\/ultimato.com.br\/sites\/fatosecorrelatos\/files\/2011\/04\/gladir.jpg\" class=\"lightview\" data-lightview-group=\"group-591\" data-lightview-options=\"skin: 'dark', controls: 'relative', padding: '10', shadow: { color: '#000000', opacity: 0.08, blur: 3 }\" data-lightview-title=\"gladir\"><\/a><a href=\"http:\/\/ultimato.com.br\/sites\/fatosecorrelatos\/files\/2011\/04\/gladir.jpg\" class=\"lightview\" data-lightview-group=\"group-591\" data-lightview-options=\"skin: 'dark', controls: 'relative', padding: '10', shadow: { color: '#000000', opacity: 0.08, blur: 3 }\"><img loading=\"lazy\" decoding=\"async\" class=\"alignleft size-full wp-image-593\" title=\"gladir\" src=\"http:\/\/ultimato.com.br\/sites\/fatosecorrelatos\/files\/2011\/04\/gladir.jpg\" alt=\"\" width=\"486\" height=\"535\" srcset=\"https:\/\/ultimato.com.br\/sites\/fatosecorrelatos\/files\/2011\/04\/gladir.jpg 600w, https:\/\/ultimato.com.br\/sites\/fatosecorrelatos\/files\/2011\/04\/gladir-272x300.jpg 272w, https:\/\/ultimato.com.br\/sites\/fatosecorrelatos\/files\/2011\/04\/gladir-136x150.jpg 136w\" sizes=\"auto, (max-width: 486px) 100vw, 486px\" \/><\/a><\/p>\n","protected":false},"excerpt":{"rendered":"<p>Dica do fim de semana! Para quem est\u00e1 em Vi\u00e7osa (MG), claro. Se voc\u00ea n\u00e3o conhece o cantor, clique aqui<\/p>\n","protected":false},"author":12,"featured_media":0,"comment_status":"open","ping_status":"open","sticky":false,"template":"","format":"standard","meta":{"ngg_post_thumbnail":0,"footnotes":""},"categories":[7652,7656,115],"tags":[7605],"class_list":["post-591","post","type-post","status-publish","format-standard","hentry","category-curtas","category-outras-vozes","category-videos","tag-fatos"],"_links":{"self":[{"href":"https:\/\/ultimato.com.br\/sites\/fatosecorrelatos\/wp-json\/wp\/v2\/posts\/591","targetHints":{"allow":["GET"]}}],"collection":[{"href":"https:\/\/ultimato.com.br\/sites\/fatosecorrelatos\/wp-json\/wp\/v2\/posts"}],"about":[{"href":"https:\/\/ultimato.com.br\/sites\/fatosecorrelatos\/wp-json\/wp\/v2\/types\/post"}],"author":[{"embeddable":true,"href":"https:\/\/ultimato.com.br\/sites\/fatosecorrelatos\/wp-json\/wp\/v2\/users\/12"}],"replies":[{"embeddable":true,"href":"https:\/\/ultimato.com.br\/sites\/fatosecorrelatos\/wp-json\/wp\/v2\/comments?post=591"}],"version-history":[{"count":5,"href":"https:\/\/ultimato.com.br\/sites\/fatosecorrelatos\/wp-json\/wp\/v2\/posts\/591\/revisions"}],"predecessor-version":[{"id":598,"href":"https:\/\/ultimato.com.br\/sites\/fatosecorrelatos\/wp-json\/wp\/v2\/posts\/591\/revisions\/598"}],"wp:attachment":[{"href":"https:\/\/ultimato.com.br\/sites\/fatosecorrelatos\/wp-json\/wp\/v2\/media?parent=591"}],"wp:term":[{"taxonomy":"category","embeddable":true,"href":"https:\/\/ultimato.com.br\/sites\/fatosecorrelatos\/wp-json\/wp\/v2\/categories?post=591"},{"taxonomy":"post_tag","embeddable":true,"href":"https:\/\/ultimato.com.br\/sites\/fatosecorrelatos\/wp-json\/wp\/v2\/tags?post=591"}],"curies":[{"name":"wp","href":"https:\/\/api.w.org\/{rel}","templated":true}]}}