{"id":57,"date":"2006-10-07T20:12:00","date_gmt":"2006-10-07T23:12:00","guid":{"rendered":"http:\/\/ultimato.com.br\/sites\/fatosecorrelatos\/2006\/10\/07\/um-silencio\/"},"modified":"2010-09-25T19:09:21","modified_gmt":"2010-09-25T22:09:21","slug":"um-silencio","status":"publish","type":"post","link":"https:\/\/ultimato.com.br\/sites\/fatosecorrelatos\/2006\/10\/07\/um-silencio\/","title":{"rendered":"Um sil\u00eancio"},"content":{"rendered":"<p>Hoje, s\u00e1bado. Noite de lua, dia outrora cheio de barulho, atividades e sorrisos. Agora, os m\u00fasculos come\u00e7am desacelerar seus movimentos. Semana que finda, entre viagem longa e enfrentamento da rotina di\u00e1ria.<br \/>Nas duas \u00faltimas semanas, estive na Mal\u00e1sia. Participei de um encontro para jovens de mais de 100 pa\u00edses. Foi uma experi\u00eancia fascinante.<br \/>Entre horas e horas de viagem a\u00e9rea e os encontros com novas pessoas, havia sempre uma esp\u00e9cie de sil\u00eancio chegando at\u00e9 mim &#8211; um mero calar de vozes, ef\u00eamero, quase impercept\u00edvel. Era do sil\u00eancio que eu ouvia as melhores li\u00e7\u00f5es. Era do est\u00e1tico momento que eu me via e percebia claramente as palavras de quem h\u00e1 muito j\u00e1 conversava comigo.<br \/>Eu ouvi, e ainda me lembro do que ouvi. Era o contra-senso do mundo. Eram verdades antigas, mas revelantes ainda. Era o convite para que meu cora\u00e7\u00e3o se inclinasse novamente.<br \/>Entre as palavras doces que me vieram, ouvi sobre humildade, esfor\u00e7o, perseveran\u00e7a, estilo de vida. Ouvi que preciso rever minha caminhada e que devo assumir minhas responsabilidades. Ouvi de Deus sobre amor e perdi\u00e7\u00e3o. Foi claro ao dizer que a Ele pertence a salva\u00e7\u00e3o, seja eu como for ou quem seja. O que me resta sen\u00e3o outro sil\u00eancio &#8211; agora o humano?<br \/>Sil\u00eancio aben\u00e7oado, surpreendente.<br \/>Ser\u00e1 que verdadeira hist\u00f3ria \u00e9 feita de hiatos?<\/p>\n","protected":false},"excerpt":{"rendered":"<p>Hoje, s\u00e1bado. Noite de lua, dia outrora cheio de barulho, atividades e sorrisos. Agora, os m\u00fasculos come\u00e7am desacelerar seus movimentos. Semana que finda, entre viagem longa e enfrentamento da rotina di\u00e1ria.Nas duas \u00faltimas semanas, estive na Mal\u00e1sia. Participei de um encontro para jovens de mais de 100 pa\u00edses. Foi uma experi\u00eancia fascinante.Entre horas e horas [&hellip;]<\/p>\n","protected":false},"author":12,"featured_media":0,"comment_status":"open","ping_status":"open","sticky":false,"template":"","format":"standard","meta":{"ngg_post_thumbnail":0,"footnotes":""},"categories":[114],"tags":[24539],"class_list":["post-57","post","type-post","status-publish","format-standard","hentry","category-artigos","tag-etc"],"_links":{"self":[{"href":"https:\/\/ultimato.com.br\/sites\/fatosecorrelatos\/wp-json\/wp\/v2\/posts\/57","targetHints":{"allow":["GET"]}}],"collection":[{"href":"https:\/\/ultimato.com.br\/sites\/fatosecorrelatos\/wp-json\/wp\/v2\/posts"}],"about":[{"href":"https:\/\/ultimato.com.br\/sites\/fatosecorrelatos\/wp-json\/wp\/v2\/types\/post"}],"author":[{"embeddable":true,"href":"https:\/\/ultimato.com.br\/sites\/fatosecorrelatos\/wp-json\/wp\/v2\/users\/12"}],"replies":[{"embeddable":true,"href":"https:\/\/ultimato.com.br\/sites\/fatosecorrelatos\/wp-json\/wp\/v2\/comments?post=57"}],"version-history":[{"count":1,"href":"https:\/\/ultimato.com.br\/sites\/fatosecorrelatos\/wp-json\/wp\/v2\/posts\/57\/revisions"}],"predecessor-version":[{"id":330,"href":"https:\/\/ultimato.com.br\/sites\/fatosecorrelatos\/wp-json\/wp\/v2\/posts\/57\/revisions\/330"}],"wp:attachment":[{"href":"https:\/\/ultimato.com.br\/sites\/fatosecorrelatos\/wp-json\/wp\/v2\/media?parent=57"}],"wp:term":[{"taxonomy":"category","embeddable":true,"href":"https:\/\/ultimato.com.br\/sites\/fatosecorrelatos\/wp-json\/wp\/v2\/categories?post=57"},{"taxonomy":"post_tag","embeddable":true,"href":"https:\/\/ultimato.com.br\/sites\/fatosecorrelatos\/wp-json\/wp\/v2\/tags?post=57"}],"curies":[{"name":"wp","href":"https:\/\/api.w.org\/{rel}","templated":true}]}}