{"id":560,"date":"2011-03-31T13:45:58","date_gmt":"2011-03-31T16:45:58","guid":{"rendered":"http:\/\/ultimato.com.br\/sites\/fatosecorrelatos\/?p=560"},"modified":"2011-03-31T13:45:58","modified_gmt":"2011-03-31T16:45:58","slug":"tiros-no-pe","status":"publish","type":"post","link":"https:\/\/ultimato.com.br\/sites\/fatosecorrelatos\/2011\/03\/31\/tiros-no-pe\/","title":{"rendered":"Tiros no p\u00e9"},"content":{"rendered":"<p><a href=\"http:\/\/ultimato.com.br\/sites\/fatosecorrelatos\/files\/2011\/03\/pes.png\" class=\"lightview\" data-lightview-group=\"group-560\" data-lightview-options=\"skin: 'dark', controls: 'relative', padding: '10', shadow: { color: '#000000', opacity: 0.08, blur: 3 }\" data-lightview-title=\"pes\"><img loading=\"lazy\" decoding=\"async\" class=\"size-full wp-image-561 alignright\" title=\"pes\" src=\"http:\/\/ultimato.com.br\/sites\/fatosecorrelatos\/files\/2011\/03\/pes.png\" alt=\"\" width=\"158\" height=\"200\" srcset=\"https:\/\/ultimato.com.br\/sites\/fatosecorrelatos\/files\/2011\/03\/pes.png 158w, https:\/\/ultimato.com.br\/sites\/fatosecorrelatos\/files\/2011\/03\/pes-118x150.png 118w\" sizes=\"auto, (max-width: 158px) 100vw, 158px\" \/><\/a>O gesto suicida, n\u00e3o obstante louco, pode estar ocorrendo entre nossos pensadores evang\u00e9licos. Para efeito de provoca\u00e7\u00e3o, listo abaixo alguns deles:<\/p>\n<p><strong>Tiro no p\u00e9 n<\/strong><strong>\u00ba 1<br \/>\n<\/strong><span style=\"color: #800000;\"><em>Fragmenta\u00e7\u00e3o do discurso<\/em><\/span>: a custa de um aspecto importante da reflex\u00e3o, muitos pensadores est\u00e3o menosprezando outros pontos fundamentais para a ilumina\u00e7\u00e3o completa. Por exemplo: para valorizar a comunh\u00e3o, despreza-se a dimens\u00e3o institucional e hist\u00f3rica da igreja. \u00c9 como cobrir a cabe\u00e7a e descobrir os p\u00e9s. O mesmo pode-se afirmar sobre a espontaneidade nas express\u00f5es lit\u00fargicas em detrimento \u00e0 valoriza\u00e7\u00e3o da tradi\u00e7\u00e3o simb\u00f3lica. Ou a necessidade urgente de defender a f\u00e9, enquanto n\u00e3o buscamos o auto-exame sobre nossas falhas. \u00c9 <em>tiro no p\u00e9<\/em> porque se sustentarmos essa postura incoerente, ficaremos t\u00e3o divididos quanto qualquer outra pessoa.<br \/>\nDeus nos chama para participar da sua obra de reconcilia\u00e7\u00e3o em Jesus Cristo (2 Co 5.19). E isso significa, entre outras coisas, reconciliar todos os aspectos do pensamento humano. H\u00e1 diferen\u00e7a entre oposi\u00e7\u00e3o e dicotomia. A primeira \u00e9 real, a segunda ilus\u00e3o.<\/p>\n<p><strong>Tiro no p\u00e9 n\u00ba<\/strong><strong> <\/strong><strong>2:<br \/>\n<\/strong><span style=\"color: #800000;\"><em>Desprezo com o absoluto das coisas<\/em><\/span>: para agradar \u00e0s agendas seculares, muitas vezes nos vemos assumindo a fala de que a verdade n\u00e3o \u00e9 absoluta. Claro, n\u00e3o afirmamos com todas estas letras, mas na pr\u00e1tica j\u00e1 n\u00e3o acreditamos nisso. Pode parecer apenas uma discuss\u00e3o intelectual que n\u00e3o faz muito sentido hoje. Mas a verdade \u00e9 que j\u00e1 n\u00e3o nos prostramos humildemente diante do fato de que Deus \u00e9 absoluto e de que Jesus Cristo e sua Palavra s\u00e3o \u00fanicos. Isso n\u00e3o significa defender a intoler\u00e2ncia e a falta de di\u00e1logo com outras cren\u00e7as. Mas preste aten\u00e7\u00e3o: o mundo pede (talvez at\u00e9 clame) que n\u00f3s assumamos o compromisso de dialogar com ele, personificando Jesus Cristo em nossas falas e a\u00e7\u00f5es, mas levando propostas claras e firmes. N\u00e3o \u00e9 poss\u00edvel ignorar o fato de que a verdade \u00e9 uma pessoa (e, portanto, \u00e9 \u00fanica), e que tem o poder suficiente de gerar transforma\u00e7\u00f5es absolutas (Jo 8. 31-32). Desprezar o absoluto das coisas \u00e9 <em>tiro no p\u00e9<\/em> porque n\u00e3o suportaremos a confus\u00e3o de id\u00e9ias no caldeir\u00e3o do pensamento contempor\u00e2neo. Muitos intelectuais n\u00e3o-crist\u00e3os, inclusive, j\u00e1 se tornaram completamente indiferentes a todas as ideologias porque eles mesmos n\u00e3o sabem no que crer.<\/p>\n<p><strong>Tiro no p\u00e9 n\u00ba 3:<br \/>\n<\/strong><span style=\"color: #800000;\"><em>Ingenuidade diante do mercado<\/em><\/span>: o esp\u00edrito desta era nos seduz com presentes. O consumismo contamina a alma e vai mudando nossa sociedade, nosso estilo de vida e valores. N\u00e3o se trata de cr\u00edticas gratuitas ao Capitalismo, mas sim uma postura sensata e prudente diante do movimento perverso que transforma pessoas em coisas, beleza em ilus\u00e3o e compaix\u00e3o em ego\u00edsmo. O amor de Deus expresso em Jesus \u00e9 de longe a maior prova de que n\u00e3o adianta ao ser humano ganhar o mundo inteiro e perder a alma (Mc 8.36) e de que o dinheiro n\u00e3o compra a vida (Mt 6.24). Essa ingenuidade \u00e9 <em>tiro no p\u00e9<\/em> porque a gan\u00e2ncia roubar\u00e1 de n\u00f3s a beleza do servi\u00e7o e tornar\u00e1 nossa espiritualidade vazia e utilitarista.<\/p>\n","protected":false},"excerpt":{"rendered":"<p>O gesto suicida, n\u00e3o obstante louco, pode estar ocorrendo entre nossos pensadores evang\u00e9licos. Para efeito de provoca\u00e7\u00e3o, listo abaixo alguns deles: Tiro no p\u00e9 n\u00ba 1 Fragmenta\u00e7\u00e3o do discurso: a custa de um aspecto importante da reflex\u00e3o, muitos pensadores est\u00e3o menosprezando outros pontos fundamentais para a ilumina\u00e7\u00e3o completa. Por exemplo: para valorizar a comunh\u00e3o, despreza-se [&hellip;]<\/p>\n","protected":false},"author":12,"featured_media":0,"comment_status":"open","ping_status":"open","sticky":false,"template":"","format":"standard","meta":{"ngg_post_thumbnail":0,"footnotes":""},"categories":[114],"tags":[8462,9515,9508],"class_list":["post-560","post","type-post","status-publish","format-standard","hentry","category-artigos","tag-consumismo","tag-reconciliacao","tag-verdade"],"_links":{"self":[{"href":"https:\/\/ultimato.com.br\/sites\/fatosecorrelatos\/wp-json\/wp\/v2\/posts\/560","targetHints":{"allow":["GET"]}}],"collection":[{"href":"https:\/\/ultimato.com.br\/sites\/fatosecorrelatos\/wp-json\/wp\/v2\/posts"}],"about":[{"href":"https:\/\/ultimato.com.br\/sites\/fatosecorrelatos\/wp-json\/wp\/v2\/types\/post"}],"author":[{"embeddable":true,"href":"https:\/\/ultimato.com.br\/sites\/fatosecorrelatos\/wp-json\/wp\/v2\/users\/12"}],"replies":[{"embeddable":true,"href":"https:\/\/ultimato.com.br\/sites\/fatosecorrelatos\/wp-json\/wp\/v2\/comments?post=560"}],"version-history":[{"count":6,"href":"https:\/\/ultimato.com.br\/sites\/fatosecorrelatos\/wp-json\/wp\/v2\/posts\/560\/revisions"}],"predecessor-version":[{"id":567,"href":"https:\/\/ultimato.com.br\/sites\/fatosecorrelatos\/wp-json\/wp\/v2\/posts\/560\/revisions\/567"}],"wp:attachment":[{"href":"https:\/\/ultimato.com.br\/sites\/fatosecorrelatos\/wp-json\/wp\/v2\/media?parent=560"}],"wp:term":[{"taxonomy":"category","embeddable":true,"href":"https:\/\/ultimato.com.br\/sites\/fatosecorrelatos\/wp-json\/wp\/v2\/categories?post=560"},{"taxonomy":"post_tag","embeddable":true,"href":"https:\/\/ultimato.com.br\/sites\/fatosecorrelatos\/wp-json\/wp\/v2\/tags?post=560"}],"curies":[{"name":"wp","href":"https:\/\/api.w.org\/{rel}","templated":true}]}}