{"id":554,"date":"2011-03-11T21:21:21","date_gmt":"2011-03-12T00:21:21","guid":{"rendered":"http:\/\/ultimato.com.br\/sites\/fatosecorrelatos\/?p=554"},"modified":"2011-03-11T21:21:21","modified_gmt":"2011-03-12T00:21:21","slug":"ancora-da-alma","status":"publish","type":"post","link":"https:\/\/ultimato.com.br\/sites\/fatosecorrelatos\/2011\/03\/11\/ancora-da-alma\/","title":{"rendered":"\u00c2ncora da alma"},"content":{"rendered":"<div id=\"attachment_555\" style=\"width: 250px\" class=\"wp-caption alignleft\"><a href=\"http:\/\/ultimato.com.br\/sites\/fatosecorrelatos\/files\/2011\/03\/2912793153_514d7ecffc_m.jpg\" class=\"lightview\" data-lightview-group=\"group-554\" data-lightview-options=\"skin: 'dark', controls: 'relative', padding: '10', shadow: { color: '#000000', opacity: 0.08, blur: 3 }\" data-lightview-title=\"2912793153_514d7ecffc_m\"><img loading=\"lazy\" decoding=\"async\" aria-describedby=\"caption-attachment-555\" class=\"size-full wp-image-555\" title=\"2912793153_514d7ecffc_m\" src=\"http:\/\/ultimato.com.br\/sites\/fatosecorrelatos\/files\/2011\/03\/2912793153_514d7ecffc_m.jpg\" alt=\"\" width=\"240\" height=\"180\" srcset=\"https:\/\/ultimato.com.br\/sites\/fatosecorrelatos\/files\/2011\/03\/2912793153_514d7ecffc_m.jpg 240w, https:\/\/ultimato.com.br\/sites\/fatosecorrelatos\/files\/2011\/03\/2912793153_514d7ecffc_m-150x112.jpg 150w\" sizes=\"auto, (max-width: 240px) 100vw, 240px\" \/><\/a><p id=\"caption-attachment-555\" class=\"wp-caption-text\">www.flickr.com\/photos\/bobtravis\/2912793153\/<\/p><\/div>\n<p>Quando j\u00e1 n\u00e3o sabemos o rumo, descobrimos que a esperan\u00e7a \u00e9 a \u201c\u00e2ncora da alma\u201d (Hb 6.19). Firme e segura, ela nos alimenta com coragem para adentrar no <em>mundo de Deus<\/em> \u2013 realidade profunda, surpreendente, \u201csantu\u00e1rio interior, por tr\u00e1s do v\u00e9u\u201d (6.19).<\/p>\n<p>Em Deus, a salva\u00e7\u00e3o \u00e9 vis\u00edvel, palp\u00e1vel; ela nos d\u00e1 \u201cprontid\u00e3o at\u00e9 o fim, para que tenhamos a plena certeza da esperan\u00e7a\u201d (6.11). Deixamos ent\u00e3o de ser negligentes e nos unimos a outros irm\u00e3os que, por meio da f\u00e9 e da paci\u00eancia, recebem a heran\u00e7a prometida (6.12). A hist\u00f3ria de Deus nos marca e nos conduz at\u00e9 o final.<\/p>\n<p>A tempestade est\u00e1 pr\u00f3xima, j\u00e1 vimos sinais. Mas n\u00e3o estamos \u00e0 deriva. Nosso olhar est\u00e1 al\u00e9m do horizonte. Est\u00e1 em Cristo, o Sumo Sacerdote perfeito (4.14), que permanece no barco em meio \u00e0 agita\u00e7\u00e3o das \u00e1guas.<\/p>\n","protected":false},"excerpt":{"rendered":"<p>Quando j\u00e1 n\u00e3o sabemos o rumo, descobrimos que a esperan\u00e7a \u00e9 a \u201c\u00e2ncora da alma\u201d (Hb 6.19). Firme e segura, ela nos alimenta com coragem para adentrar no mundo de Deus \u2013 realidade profunda, surpreendente, \u201csantu\u00e1rio interior, por tr\u00e1s do v\u00e9u\u201d (6.19). Em Deus, a salva\u00e7\u00e3o \u00e9 vis\u00edvel, palp\u00e1vel; ela nos d\u00e1 \u201cprontid\u00e3o at\u00e9 o [&hellip;]<\/p>\n","protected":false},"author":12,"featured_media":0,"comment_status":"open","ping_status":"open","sticky":false,"template":"","format":"standard","meta":{"ngg_post_thumbnail":0,"footnotes":""},"categories":[114],"tags":[5506,4783],"class_list":["post-554","post","type-post","status-publish","format-standard","hentry","category-artigos","tag-esperanca","tag-espiritualidade"],"_links":{"self":[{"href":"https:\/\/ultimato.com.br\/sites\/fatosecorrelatos\/wp-json\/wp\/v2\/posts\/554","targetHints":{"allow":["GET"]}}],"collection":[{"href":"https:\/\/ultimato.com.br\/sites\/fatosecorrelatos\/wp-json\/wp\/v2\/posts"}],"about":[{"href":"https:\/\/ultimato.com.br\/sites\/fatosecorrelatos\/wp-json\/wp\/v2\/types\/post"}],"author":[{"embeddable":true,"href":"https:\/\/ultimato.com.br\/sites\/fatosecorrelatos\/wp-json\/wp\/v2\/users\/12"}],"replies":[{"embeddable":true,"href":"https:\/\/ultimato.com.br\/sites\/fatosecorrelatos\/wp-json\/wp\/v2\/comments?post=554"}],"version-history":[{"count":3,"href":"https:\/\/ultimato.com.br\/sites\/fatosecorrelatos\/wp-json\/wp\/v2\/posts\/554\/revisions"}],"predecessor-version":[{"id":558,"href":"https:\/\/ultimato.com.br\/sites\/fatosecorrelatos\/wp-json\/wp\/v2\/posts\/554\/revisions\/558"}],"wp:attachment":[{"href":"https:\/\/ultimato.com.br\/sites\/fatosecorrelatos\/wp-json\/wp\/v2\/media?parent=554"}],"wp:term":[{"taxonomy":"category","embeddable":true,"href":"https:\/\/ultimato.com.br\/sites\/fatosecorrelatos\/wp-json\/wp\/v2\/categories?post=554"},{"taxonomy":"post_tag","embeddable":true,"href":"https:\/\/ultimato.com.br\/sites\/fatosecorrelatos\/wp-json\/wp\/v2\/tags?post=554"}],"curies":[{"name":"wp","href":"https:\/\/api.w.org\/{rel}","templated":true}]}}