{"id":550,"date":"2011-03-05T08:27:24","date_gmt":"2011-03-05T11:27:24","guid":{"rendered":"http:\/\/ultimato.com.br\/sites\/fatosecorrelatos\/?p=550"},"modified":"2011-03-05T08:27:24","modified_gmt":"2011-03-05T11:27:24","slug":"hoje","status":"publish","type":"post","link":"https:\/\/ultimato.com.br\/sites\/fatosecorrelatos\/2011\/03\/05\/hoje\/","title":{"rendered":"Hoje"},"content":{"rendered":"<p>Sil\u00eancio. Vem a manh\u00e3, e com ela minha alma se move entre as montanhas da rotina. Encontro ent\u00e3o o texto b\u00edblico. Ele, \u00fanico, profundo, reconciliador. Eu, teimoso, custo em absorv\u00ea-lo. O Esp\u00edrito, por\u00e9m, me guia, me orienta.<\/p>\n<p>Come\u00e7a o dia. Recome\u00e7a a vida. O que vejo no horizonte? O que me reserva o tempo que se chama &#8220;hoje&#8221;? Que eu ou\u00e7a a voz do Mestre, e, que, ao ouvi-la, n\u00e3o endure\u00e7a meu cora\u00e7\u00e3o (Hb 4.7).<\/p>\n<p>Que eu trabalhe, sem perder a ternura. Que eu seja sens\u00edvel ao aud\u00edvel Deus e aos seus gestos de amor, exorta\u00e7\u00e3o e justi\u00e7a. Que a abje\u00e7\u00e3o do mundo n\u00e3o me assombre hoje.<\/p>\n<p>Que o Esp\u00edrito sopre mais uma vez seu h\u00e1lito l\u00edmpido, santo. Que Ele me restaure em meio as ra\u00edzes do meu pecado. Que eu n\u00e3o me conforme comigo mesmo.<\/p>\n<p>Que o dia de hoje seja \u00fanico. Em meio \u00e0\u00a0rasa\u00a0repeti\u00e7\u00e3o consumista, que seja surpreendente o tempo. Que, ao final do dia, o sil\u00eancio me encontre novamente. E que eu j\u00e1 n\u00e3o seja mais o mesmo.<\/p>\n","protected":false},"excerpt":{"rendered":"<p>Sil\u00eancio. Vem a manh\u00e3, e com ela minha alma se move entre as montanhas da rotina. Encontro ent\u00e3o o texto b\u00edblico. Ele, \u00fanico, profundo, reconciliador. Eu, teimoso, custo em absorv\u00ea-lo. O Esp\u00edrito, por\u00e9m, me guia, me orienta. Come\u00e7a o dia. Recome\u00e7a a vida. O que vejo no horizonte? O que me reserva o tempo que [&hellip;]<\/p>\n","protected":false},"author":12,"featured_media":0,"comment_status":"open","ping_status":"open","sticky":false,"template":"","format":"standard","meta":{"ngg_post_thumbnail":0,"footnotes":""},"categories":[7654],"tags":[7603,4783],"class_list":["post-550","post","type-post","status-publish","format-standard","hentry","category-cronicas","tag-cronicas-do-cotidiano","tag-espiritualidade"],"_links":{"self":[{"href":"https:\/\/ultimato.com.br\/sites\/fatosecorrelatos\/wp-json\/wp\/v2\/posts\/550","targetHints":{"allow":["GET"]}}],"collection":[{"href":"https:\/\/ultimato.com.br\/sites\/fatosecorrelatos\/wp-json\/wp\/v2\/posts"}],"about":[{"href":"https:\/\/ultimato.com.br\/sites\/fatosecorrelatos\/wp-json\/wp\/v2\/types\/post"}],"author":[{"embeddable":true,"href":"https:\/\/ultimato.com.br\/sites\/fatosecorrelatos\/wp-json\/wp\/v2\/users\/12"}],"replies":[{"embeddable":true,"href":"https:\/\/ultimato.com.br\/sites\/fatosecorrelatos\/wp-json\/wp\/v2\/comments?post=550"}],"version-history":[{"count":2,"href":"https:\/\/ultimato.com.br\/sites\/fatosecorrelatos\/wp-json\/wp\/v2\/posts\/550\/revisions"}],"predecessor-version":[{"id":552,"href":"https:\/\/ultimato.com.br\/sites\/fatosecorrelatos\/wp-json\/wp\/v2\/posts\/550\/revisions\/552"}],"wp:attachment":[{"href":"https:\/\/ultimato.com.br\/sites\/fatosecorrelatos\/wp-json\/wp\/v2\/media?parent=550"}],"wp:term":[{"taxonomy":"category","embeddable":true,"href":"https:\/\/ultimato.com.br\/sites\/fatosecorrelatos\/wp-json\/wp\/v2\/categories?post=550"},{"taxonomy":"post_tag","embeddable":true,"href":"https:\/\/ultimato.com.br\/sites\/fatosecorrelatos\/wp-json\/wp\/v2\/tags?post=550"}],"curies":[{"name":"wp","href":"https:\/\/api.w.org\/{rel}","templated":true}]}}