{"id":545,"date":"2011-03-04T10:02:42","date_gmt":"2011-03-04T13:02:42","guid":{"rendered":"http:\/\/ultimato.com.br\/sites\/fatosecorrelatos\/?p=545"},"modified":"2011-03-04T10:02:42","modified_gmt":"2011-03-04T13:02:42","slug":"trabalho-subterraneo","status":"publish","type":"post","link":"https:\/\/ultimato.com.br\/sites\/fatosecorrelatos\/2011\/03\/04\/trabalho-subterraneo\/","title":{"rendered":"Trabalho subterr\u00e2neo"},"content":{"rendered":"<p><em>Karl  Rhaner<\/em><\/p>\n<p>A  partir do centro do mundo no qual Jesus adentrou ao morrer, as novas  for\u00e7as constroem uma terra transfigurada. No mais profundo, a realidade  j\u00e1 foi vencida, a banalidade, o pecado e a morte; requer-se, todavia, o  pequeno tempo que chamamos a hist\u00f3ria depois de Cristo at\u00e9 que, em toda  parte e n\u00e3o s\u00f3 em seu corpo, seja percebido o que realmente aconteceu.<\/p>\n<p>Porque  Ele n\u00e3o come\u00e7ou a salvar, a curar, a transfigurar o mundo nos sintomas  da superf\u00edcie, mas nas ra\u00edzes mais internas; n\u00f3s, gente da superf\u00edcie,  pensamos que nada aconteceu. Porque ainda continuam correndo as \u00e1guas do  sofrimento e da culpa, imaginamos que ainda n\u00e3o foi vencido o manancial  de qual brotam. Porque a maldade continua tra\u00e7ando rugas no rosto da  terra, deduzimos que no cora\u00e7\u00e3o mais profundo da realidade o amor  morreu. Mas  tudo \u00e9 apar\u00eancia, ainda que a tomemos por realidade da vida.<\/p>\n<p>O  Ressuscitado est\u00e1 no empenho an\u00f4nimo de todas as criaturas que, sem o  saber, se esfor\u00e7am por participar na glorifica\u00e7\u00e3o de seu corpo.<\/p>\n<p><em>Texto enviado pelo meu amigo e pastor Jony Almeida.<\/em><\/p>\n","protected":false},"excerpt":{"rendered":"<p>Karl Rhaner A partir do centro do mundo no qual Jesus adentrou ao morrer, as novas for\u00e7as constroem uma terra transfigurada. No mais profundo, a realidade j\u00e1 foi vencida, a banalidade, o pecado e a morte; requer-se, todavia, o pequeno tempo que chamamos a hist\u00f3ria depois de Cristo at\u00e9 que, em toda parte e n\u00e3o [&hellip;]<\/p>\n","protected":false},"author":12,"featured_media":0,"comment_status":"open","ping_status":"open","sticky":false,"template":"","format":"standard","meta":{"ngg_post_thumbnail":0,"footnotes":""},"categories":[7656],"tags":[5946,6019],"class_list":["post-545","post","type-post","status-publish","format-standard","hentry","category-outras-vozes","tag-ressurreicao","tag-sofrimento"],"_links":{"self":[{"href":"https:\/\/ultimato.com.br\/sites\/fatosecorrelatos\/wp-json\/wp\/v2\/posts\/545","targetHints":{"allow":["GET"]}}],"collection":[{"href":"https:\/\/ultimato.com.br\/sites\/fatosecorrelatos\/wp-json\/wp\/v2\/posts"}],"about":[{"href":"https:\/\/ultimato.com.br\/sites\/fatosecorrelatos\/wp-json\/wp\/v2\/types\/post"}],"author":[{"embeddable":true,"href":"https:\/\/ultimato.com.br\/sites\/fatosecorrelatos\/wp-json\/wp\/v2\/users\/12"}],"replies":[{"embeddable":true,"href":"https:\/\/ultimato.com.br\/sites\/fatosecorrelatos\/wp-json\/wp\/v2\/comments?post=545"}],"version-history":[{"count":3,"href":"https:\/\/ultimato.com.br\/sites\/fatosecorrelatos\/wp-json\/wp\/v2\/posts\/545\/revisions"}],"predecessor-version":[{"id":549,"href":"https:\/\/ultimato.com.br\/sites\/fatosecorrelatos\/wp-json\/wp\/v2\/posts\/545\/revisions\/549"}],"wp:attachment":[{"href":"https:\/\/ultimato.com.br\/sites\/fatosecorrelatos\/wp-json\/wp\/v2\/media?parent=545"}],"wp:term":[{"taxonomy":"category","embeddable":true,"href":"https:\/\/ultimato.com.br\/sites\/fatosecorrelatos\/wp-json\/wp\/v2\/categories?post=545"},{"taxonomy":"post_tag","embeddable":true,"href":"https:\/\/ultimato.com.br\/sites\/fatosecorrelatos\/wp-json\/wp\/v2\/tags?post=545"}],"curies":[{"name":"wp","href":"https:\/\/api.w.org\/{rel}","templated":true}]}}