{"id":53,"date":"2006-06-17T09:27:00","date_gmt":"2006-06-17T12:27:00","guid":{"rendered":"http:\/\/ultimato.com.br\/sites\/fatosecorrelatos\/2006\/06\/17\/fe-e-poder\/"},"modified":"2010-09-25T19:03:53","modified_gmt":"2010-09-25T22:03:53","slug":"fe-e-poder","status":"publish","type":"post","link":"https:\/\/ultimato.com.br\/sites\/fatosecorrelatos\/2006\/06\/17\/fe-e-poder\/","title":{"rendered":"F\u00e9 e poder"},"content":{"rendered":"<p>Re\u00fano-me semanalmente com um grupo de pessoas simples em uma pequena cidade de cerca de 1o mil habitantes, chamada Teixeiras. O bairro onde moram \u00e9 bem pobre e suas casas t\u00eam quase sempre vest\u00edgios de improviso. Seus moradores, inclusive, est\u00e3o sofrendo nestes dias porque n\u00e3o t\u00eam roupas para afugentar o frio.<\/p>\n<p>Nos reunimos sempre para estudar a vida de Jesus Cristo. Interessante saber que pessoas &#8211; na maioria, rejeitadas pela sociedade por serem pobres &#8211; podem expressar suas id\u00e9ias sobre a vida e interpretar textos antigos e dif\u00edceis.<\/p>\n<p>Nesta quinta-feira, 15 de junho, lemos juntos um texto que descreve o fato em que Jesus acalma um vendaval que aflingia as pessoas que viajavam no mesmo barco que ele. Falar que Jesus \u00e9 poderoso e que tem controle sobre a natureza \u00e9 \u00f3bvio diante deste texto. Mas este mesmo texto pode nos ensinar li\u00e7\u00f5es preciosas sobre o que \u00e9 poder e como ele deve ser usado.<\/p>\n<p>Entre perguntas e respostas, refletimos juntos sobre nossos poderes. Concordamos que todos, de uma forma ou de outra, temos poder sobre pessoas e coisas: sobre filhos, empregados, situa\u00e7\u00f5es, escolhas&#8230;<\/p>\n<p>A grande quest\u00e3o \u00e9 saber como usamos nossos poderes. Resolvemos, ent\u00e3o, olhar para o exemplo de Jesus. Ele recebeu poder de Deus &#8220;n\u00e3o para ser servido, mas para servir&#8221;, como relata Marcos 10.43-45. Jesus acalmou a tempestade, n\u00e3o para mostrar seu poder sobre tudo e todos (isso ser\u00e1 feito no tempo certo, segundo Fp 2.9-11), mas para fortalecer a f\u00e9 dos seus amigos (&#8220;onde est\u00e1 a sua f\u00e9?&#8221;, ele disse).<\/p>\n<p>F\u00e9 e poder est\u00e3o mais pr\u00f3ximos do que imaginamos. Maquiavel dizia em seu famigerado e conhecido &#8220;O Pr\u00edncipe&#8221; que os principados eclesi\u00e1sticos mant\u00e9m-se porque s\u00e3o sustentados pela &#8220;rotina da religi\u00e3o&#8221;. Disse Maquiavel:<\/p>\n<p><em>&#8220;As suas institui\u00e7\u00f5es [dos principados eclesi\u00e1sticos] tornam-se t\u00e3o fortes e de tal natureza que sustentam os seus pr\u00edncipes no poder, vivem e procedem eles bem como entendem. S\u00f3 estes possuem Estados e n\u00e3o os defendem; s\u00f3 estes possuem s\u00faditos que n\u00e3o governam. E os seus Estados, apesar de indefesos, n\u00e3o lhes s\u00e3o arrebatados; os s\u00faditos, embora n\u00e3o sejam governados, n\u00e30 cuidam de alijar o pr\u00edncipe nem o podem fazer. Somente esses principados, portanto, s\u00e3o por natureza, seguros e felizes.&#8221; (cap\u00edtulo XI, p\u00e1ragrafo 1).<\/em><\/p>\n<p>Claro, Maquiavel estava se referindo aos l\u00edderes religiosos do s\u00e9culo XVI. Mas talvez possamos pegar emprestada sua reflex\u00e3o para nos ajudar a analisar as pr\u00e1ticas do poder no s\u00e9culo XXI.<\/p>\n<p>Dos governantes (pol\u00edticos ou religiosos) aos simples moradores de um bairro pobre da uma pequeninha cidade  mineira&#8230; todos precisam aprender a lidar com o poder que t\u00eam. Isso \u00e9 algo urgente!<\/p>\n<p>Jesus nos ensina que o poder s\u00f3 tem sentido se \u00e9 usado para servir o outro. O poder n\u00e3o deve ser usado para oprimir, auto-glorificar ou construir &#8220;castelos de vento&#8221;. O poder deve ser usado para restabelecer o equil\u00edbrio, proteger o indefeso e estabelecer a justi\u00e7a.<\/p>\n<p>Para n\u00f3s, crist\u00e3os, a f\u00e9 que temos deve ser o instrumento harmonizador no uso do poder. Cremos que todo o poder que temos, na verdade, foi dado por Deus, atrav\u00e9s do Esp\u00edrito Santo. Atos 1.8 avisou que o poder do Esp\u00edrito desceria sobre n\u00f3s para que f\u00f4ssemos testemunhas de Jesus, &#8220;tanto em Jerusal\u00e9m quanto em Jud\u00e9ia e Samaria, e at\u00e9 os confins da terra&#8221;. N\u00e3o \u00e9 para sermos l\u00edderes d\u00e9spotas e egoc\u00eantricos; \u00e9 para sermos simplesmente testemunhas de algu\u00e9m que \u00e9 maior que n\u00f3s. Testemunha fala e mostra a verdade. S\u00f3 isso (e tudo isso).<\/p>\n<p>Eu e o grupo de pessoas reunidas naquela fria quinta-feira, terminamos nosso encontro com pequenos sorrisos nos l\u00e1bios. Parece que hav\u00edamos descoberto algo muito precioso. Talvez eles nuncam tenham pensado que possu\u00edam poder. Talvez eu nunca tenha pensado isso at\u00e9 aquele dia.<\/p>\n<p>O sentimento que carregamos conosco, ao final da reuni\u00e3o, foi de que o poder \u00e9 um presente muito s\u00e9rio e de que se ele for usado corretamente far\u00e1 muito bem a todos.<\/p>\n","protected":false},"excerpt":{"rendered":"<p>Re\u00fano-me semanalmente com um grupo de pessoas simples em uma pequena cidade de cerca de 1o mil habitantes, chamada Teixeiras. O bairro onde moram \u00e9 bem pobre e suas casas t\u00eam quase sempre vest\u00edgios de improviso. Seus moradores, inclusive, est\u00e3o sofrendo nestes dias porque n\u00e3o t\u00eam roupas para afugentar o frio. Nos reunimos sempre para [&hellip;]<\/p>\n","protected":false},"author":12,"featured_media":0,"comment_status":"open","ping_status":"open","sticky":false,"template":"","format":"standard","meta":{"ngg_post_thumbnail":0,"footnotes":""},"categories":[114,7654],"tags":[24539],"class_list":["post-53","post","type-post","status-publish","format-standard","hentry","category-artigos","category-cronicas","tag-etc"],"_links":{"self":[{"href":"https:\/\/ultimato.com.br\/sites\/fatosecorrelatos\/wp-json\/wp\/v2\/posts\/53","targetHints":{"allow":["GET"]}}],"collection":[{"href":"https:\/\/ultimato.com.br\/sites\/fatosecorrelatos\/wp-json\/wp\/v2\/posts"}],"about":[{"href":"https:\/\/ultimato.com.br\/sites\/fatosecorrelatos\/wp-json\/wp\/v2\/types\/post"}],"author":[{"embeddable":true,"href":"https:\/\/ultimato.com.br\/sites\/fatosecorrelatos\/wp-json\/wp\/v2\/users\/12"}],"replies":[{"embeddable":true,"href":"https:\/\/ultimato.com.br\/sites\/fatosecorrelatos\/wp-json\/wp\/v2\/comments?post=53"}],"version-history":[{"count":2,"href":"https:\/\/ultimato.com.br\/sites\/fatosecorrelatos\/wp-json\/wp\/v2\/posts\/53\/revisions"}],"predecessor-version":[{"id":314,"href":"https:\/\/ultimato.com.br\/sites\/fatosecorrelatos\/wp-json\/wp\/v2\/posts\/53\/revisions\/314"}],"wp:attachment":[{"href":"https:\/\/ultimato.com.br\/sites\/fatosecorrelatos\/wp-json\/wp\/v2\/media?parent=53"}],"wp:term":[{"taxonomy":"category","embeddable":true,"href":"https:\/\/ultimato.com.br\/sites\/fatosecorrelatos\/wp-json\/wp\/v2\/categories?post=53"},{"taxonomy":"post_tag","embeddable":true,"href":"https:\/\/ultimato.com.br\/sites\/fatosecorrelatos\/wp-json\/wp\/v2\/tags?post=53"}],"curies":[{"name":"wp","href":"https:\/\/api.w.org\/{rel}","templated":true}]}}