{"id":525,"date":"2011-01-13T00:09:06","date_gmt":"2011-01-13T03:09:06","guid":{"rendered":"http:\/\/ultimato.com.br\/sites\/fatosecorrelatos\/?p=525"},"modified":"2011-01-13T00:09:23","modified_gmt":"2011-01-13T03:09:23","slug":"a-vida-nao-tem-ferias","status":"publish","type":"post","link":"https:\/\/ultimato.com.br\/sites\/fatosecorrelatos\/2011\/01\/13\/a-vida-nao-tem-ferias\/","title":{"rendered":"A vida n\u00e3o tira f\u00e9rias"},"content":{"rendered":"<p>J\u00e1 s\u00e3o doze dias de f\u00e9rias. Pouco tempo na frente do computador. Muito tempo em conversas e refei\u00e7\u00f5es com parentes. Risos e pensamentos dos mais diversos deixados, livres, no ar. Eles v\u00e3o e vem, sem precisar pagar ingresso.<\/p>\n<p>Em minha pouca preocupa\u00e7\u00e3o com o tempo, vejo-me diferente, sem v\u00ednculo hist\u00f3rico. Por um lado \u00e9 bom: relaxo minha mente, estou menos s\u00e9rio e mais dispon\u00edvel. Por outro, \u00e9 ruim: enquanto minhas horas seguem mais lentas, a vida continua acelerada e tortuosa.<\/p>\n<p>Dois fatos me despertaram para isso nesta quarta (12\/01). O primeiro foi a <a href=\"http:\/\/noticias.uol.com.br\/especiais\/chuvas-pelo-pais-em-2011.jhtm\" target=\"_blank\">trag\u00e9dia natural<\/a> na regi\u00e3o serrana do Rio, com mais de 250 mortos (at\u00e9 agora). Me sentei \u00e0 tarde para ver o jornal, e ent\u00e3o soube do fato. O segundo foi a conversa com minha m\u00e3e sobre um problema familiar, que me irritou muito. Ambos os fatos me pegaram de surpresa e me chacoalharam emocionalmente.<\/p>\n<p>Enquanto meu corpo est\u00e1 de f\u00e9rias, meu cora\u00e7\u00e3o n\u00e3o. At\u00e9 concordo com as teorias de descanso f\u00edsico. N\u00e3o somos super-homens. Mas n\u00e3o entendo que isso signifique dar f\u00e9rias \u00e0 alma. Seria mesquinez. N\u00e3o que devemos entrar em desespero, mas tamb\u00e9m n\u00e3o temos o direito de fechar os olhos do cora\u00e7\u00e3o p\u00e1ra a vida que continua.<\/p>\n<p>Tudo isso seriam apenas reflex\u00f5es de um despretensioso jornalista de folga. No entanto, a escrita seguinte de Paulo na carta aos filipenses me saltou aos olhos, com certo inc\u00f4modo:<\/p>\n<p><em>&#8220;Esta \u00e9 a minha ora\u00e7\u00e3o: Que o amor de voc\u00eas aumente cada vez mais em conhecimento e em toda a percep\u00e7\u00e3o, para discernirem o que \u00e9 melhor&#8221; (Fp 1.9,10a).<\/em><\/p>\n<p>Paulo n\u00e3o est\u00e1 falando de um amor burocr\u00e1tico, que define prioridades a partir da nossa pr\u00f3pria conveni\u00eancia. Ele fala de um amor crescente que gera conhecimento, percep\u00e7\u00e3o e discernimento. Amor que nos ensina a ver e entender melhor a vida. Amor que une nosso corpo e alma em harmonia com o trabalho de Deus no mundo.<\/p>\n<p>N\u00e3o que eu tenha interrompido minhas f\u00e9rias; ainda tenho 18 dias. Pretendo descansar mais e comemorar tranquilamente meus 32 anos de idade no pr\u00f3ximo s\u00e1bado (dia 15\/01). Mas n\u00e3o posso esquecer que o amor que me alcan\u00e7ou poderosamente nunca ser\u00e1 exilado de meu esp\u00edrito. Sua marca \u00e9 eterna. N\u00e3o posso me livrar dele. Sou o que ele \u00e9. Conhe\u00e7o o que ele conhece. Percebo o que ele percebe. Discirno o que ele discerne.<\/p>\n<p>\u00c9 esse amor que motiva Paulo a orar pelos irm\u00e3os de Filipos. Ele sabia que somente tal caminho levaria a igreja adiante. Com este amor, \u00e9 imposs\u00edvel encarar a vida do mesmo jeito.<\/p>\n","protected":false},"excerpt":{"rendered":"<p>J\u00e1 s\u00e3o doze dias de f\u00e9rias. Pouco tempo na frente do computador. Muito tempo em conversas e refei\u00e7\u00f5es com parentes. <\/p>\n","protected":false},"author":12,"featured_media":0,"comment_status":"open","ping_status":"open","sticky":false,"template":"","format":"standard","meta":{"ngg_post_thumbnail":0,"footnotes":""},"categories":[114,7654],"tags":[5411,7603,7605,9850,7634,9851],"class_list":["post-525","post","type-post","status-publish","format-standard","hentry","category-artigos","category-cronicas","tag-cristianismo","tag-cronicas-do-cotidiano","tag-fatos","tag-filipenses","tag-paulo","tag-tragedias-naturais"],"_links":{"self":[{"href":"https:\/\/ultimato.com.br\/sites\/fatosecorrelatos\/wp-json\/wp\/v2\/posts\/525","targetHints":{"allow":["GET"]}}],"collection":[{"href":"https:\/\/ultimato.com.br\/sites\/fatosecorrelatos\/wp-json\/wp\/v2\/posts"}],"about":[{"href":"https:\/\/ultimato.com.br\/sites\/fatosecorrelatos\/wp-json\/wp\/v2\/types\/post"}],"author":[{"embeddable":true,"href":"https:\/\/ultimato.com.br\/sites\/fatosecorrelatos\/wp-json\/wp\/v2\/users\/12"}],"replies":[{"embeddable":true,"href":"https:\/\/ultimato.com.br\/sites\/fatosecorrelatos\/wp-json\/wp\/v2\/comments?post=525"}],"version-history":[{"count":3,"href":"https:\/\/ultimato.com.br\/sites\/fatosecorrelatos\/wp-json\/wp\/v2\/posts\/525\/revisions"}],"predecessor-version":[{"id":529,"href":"https:\/\/ultimato.com.br\/sites\/fatosecorrelatos\/wp-json\/wp\/v2\/posts\/525\/revisions\/529"}],"wp:attachment":[{"href":"https:\/\/ultimato.com.br\/sites\/fatosecorrelatos\/wp-json\/wp\/v2\/media?parent=525"}],"wp:term":[{"taxonomy":"category","embeddable":true,"href":"https:\/\/ultimato.com.br\/sites\/fatosecorrelatos\/wp-json\/wp\/v2\/categories?post=525"},{"taxonomy":"post_tag","embeddable":true,"href":"https:\/\/ultimato.com.br\/sites\/fatosecorrelatos\/wp-json\/wp\/v2\/tags?post=525"}],"curies":[{"name":"wp","href":"https:\/\/api.w.org\/{rel}","templated":true}]}}