{"id":515,"date":"2010-12-31T18:26:43","date_gmt":"2010-12-31T21:26:43","guid":{"rendered":"http:\/\/ultimato.com.br\/sites\/fatosecorrelatos\/?p=515"},"modified":"2010-12-31T18:26:43","modified_gmt":"2010-12-31T21:26:43","slug":"ultimo-salmo","status":"publish","type":"post","link":"https:\/\/ultimato.com.br\/sites\/fatosecorrelatos\/2010\/12\/31\/ultimo-salmo\/","title":{"rendered":"\u00daltimo salmo"},"content":{"rendered":"<p>Publico aqui meu \u00faltimo texto do ano. Ouso cham\u00e1-lo de &#8220;salmo&#8221;, n\u00e3o porque se iguala \u00e0 qualidade dos originais, mas porque \u00e9 express\u00e3o sincera de minha f\u00e9 ao Senhor presente, caridoso, justo. Minha felicidade est\u00e1 em confiar nele, n\u00e3o obstante minha min\u00fascula f\u00e9. Minha esperan\u00e7a est\u00e1 em esperar que ele termine seu trabalho iniciado desde o in\u00edcio.<\/p>\n<p>Que a presen\u00e7a di\u00e1ria do Senhor transforme nossa caminhada em 2011.<\/p>\n<p>Em Cristo,<\/p>\n<p><em>Liss\u00e2nder<\/em><\/p>\n<p><a href=\"http:\/\/ultimato.com.br\/sites\/fatosecorrelatos\/files\/2010\/12\/DSC_4044_reduz.jpg\" class=\"lightview\" data-lightview-group=\"group-515\" data-lightview-options=\"skin: 'dark', controls: 'relative', padding: '10', shadow: { color: '#000000', opacity: 0.08, blur: 3 }\" data-lightview-title=\"DSC_4044_reduz\"><img loading=\"lazy\" decoding=\"async\" class=\"aligncenter size-medium wp-image-519\" title=\"DSC_4044_reduz\" src=\"http:\/\/ultimato.com.br\/sites\/fatosecorrelatos\/files\/2010\/12\/DSC_4044_reduz-300x201.jpg\" alt=\"\" width=\"300\" height=\"201\" srcset=\"https:\/\/ultimato.com.br\/sites\/fatosecorrelatos\/files\/2010\/12\/DSC_4044_reduz-300x201.jpg 300w, https:\/\/ultimato.com.br\/sites\/fatosecorrelatos\/files\/2010\/12\/DSC_4044_reduz-150x100.jpg 150w, https:\/\/ultimato.com.br\/sites\/fatosecorrelatos\/files\/2010\/12\/DSC_4044_reduz.jpg 448w\" sizes=\"auto, (max-width: 300px) 100vw, 300px\" \/><\/a><\/p>\n<p><strong>Dele<\/strong><\/p>\n<p>Sorrisos abertos sejam dedicados a Deus,<br \/>\nPorque dele nasce a alegria, mais forte que a dor.<\/p>\n<p>M\u00e3os firmes sejam estendidas ao Senhor,<br \/>\nPorque dele vem a miseric\u00f3rdia, mais forte que o \u00f3dio.<\/p>\n<p>Vozes altaneiras sejam entoadas ao Pai,<br \/>\nPorque dele brota a m\u00fasica, mais forte que o ressentimento.<\/p>\n<p>Tempo e esfor\u00e7o sejam entregues ao Esp\u00edrito,<br \/>\nPorque dele \u00e9 a transforma\u00e7\u00e3o santa, mais forte que a in\u00e9rcia do pecado.<\/p>\n<p>L\u00e1grimas de gratid\u00e3o sejam derramadas ao Cristo,<br \/>\nPorque dele vem a vida, abundante e plena, mais forte que a morte.<\/p>\n<p>Cora\u00e7\u00f5es unidos sejam postos no altar do Senhor,<br \/>\nPorque dele vem a comunh\u00e3o sincera, mais forte que o ego\u00edsmo.<\/p>\n<p>Porque ele \u00e9 a \u00fanica fonte de todo bem,<br \/>\nPorque seu amor \u00e9 a embarca\u00e7\u00e3o para o n\u00e1ufrago,<br \/>\nPorque sua verdade \u00e9 o lugar seguro em meio \u00e0 tempestade,<br \/>\nPorque sua justi\u00e7a \u00e9 a resposta ao grito do solit\u00e1rio,<br \/>\nPorque suas promessas s\u00e3o nossas sementes de esperan\u00e7a,<br \/>\nPorque seu Reino h\u00e1 de ser pleno, enquanto houver dia.<\/p>\n<p>Por tudo isso e pelo novo ano que chega,<br \/>\nEscrevo este salmo de gratid\u00e3o.<br \/>\nQue seja dele o que ainda n\u00e3o entregamos.<br \/>\nQue seja nosso o que dele vem graciosamente.<\/p>\n","protected":false},"excerpt":{"rendered":"<p>Sorrisos abertos sejam dedicados a Deus,<br \/>\nPorque dele nasce a alegria, mais forte que a dor.<\/p>\n","protected":false},"author":12,"featured_media":0,"comment_status":"open","ping_status":"open","sticky":false,"template":"","format":"standard","meta":{"ngg_post_thumbnail":0,"footnotes":""},"categories":[7655],"tags":[160],"class_list":["post-515","post","type-post","status-publish","format-standard","hentry","category-poesias","tag-poesia"],"_links":{"self":[{"href":"https:\/\/ultimato.com.br\/sites\/fatosecorrelatos\/wp-json\/wp\/v2\/posts\/515","targetHints":{"allow":["GET"]}}],"collection":[{"href":"https:\/\/ultimato.com.br\/sites\/fatosecorrelatos\/wp-json\/wp\/v2\/posts"}],"about":[{"href":"https:\/\/ultimato.com.br\/sites\/fatosecorrelatos\/wp-json\/wp\/v2\/types\/post"}],"author":[{"embeddable":true,"href":"https:\/\/ultimato.com.br\/sites\/fatosecorrelatos\/wp-json\/wp\/v2\/users\/12"}],"replies":[{"embeddable":true,"href":"https:\/\/ultimato.com.br\/sites\/fatosecorrelatos\/wp-json\/wp\/v2\/comments?post=515"}],"version-history":[{"count":7,"href":"https:\/\/ultimato.com.br\/sites\/fatosecorrelatos\/wp-json\/wp\/v2\/posts\/515\/revisions"}],"predecessor-version":[{"id":524,"href":"https:\/\/ultimato.com.br\/sites\/fatosecorrelatos\/wp-json\/wp\/v2\/posts\/515\/revisions\/524"}],"wp:attachment":[{"href":"https:\/\/ultimato.com.br\/sites\/fatosecorrelatos\/wp-json\/wp\/v2\/media?parent=515"}],"wp:term":[{"taxonomy":"category","embeddable":true,"href":"https:\/\/ultimato.com.br\/sites\/fatosecorrelatos\/wp-json\/wp\/v2\/categories?post=515"},{"taxonomy":"post_tag","embeddable":true,"href":"https:\/\/ultimato.com.br\/sites\/fatosecorrelatos\/wp-json\/wp\/v2\/tags?post=515"}],"curies":[{"name":"wp","href":"https:\/\/api.w.org\/{rel}","templated":true}]}}